{"id":803,"date":"2025-02-10T14:38:00","date_gmt":"2025-02-10T13:38:00","guid":{"rendered":"https:\/\/ganardineroporinternet.me\/sw\/2025\/02\/10\/ann-lundberg\/"},"modified":"2025-02-10T14:38:00","modified_gmt":"2025-02-10T13:38:00","slug":"ann-lundberg","status":"publish","type":"post","link":"https:\/\/ganardineroporinternet.me\/sw\/ann-lundberg\/","title":{"rendered":"Ann Lundberg 7 effektiva tips f\u00f6r att f\u00f6rb\u00e4ttra SEO"},"content":{"rendered":"<h2><span class=\"ez-toc-section\" id=\"Ann_Lundberg_En_betydelsefull_profil_inom_svensk_kultur\"><\/span>Ann Lundberg: En betydelsefull profil inom svensk kultur<span class=\"ez-toc-section-end\"><\/span><\/h2>\n<h2><span class=\"ez-toc-section\" id=\"Biografi_och_tidiga_ar\"><\/span>Biografi och tidiga \u00e5r<span class=\"ez-toc-section-end\"><\/span><\/h2>\n<p>Ann Lundberg f\u00f6ddes i Sverige och har tidigt visat intresse f\u00f6r <strong>kultur<\/strong> och media. Hennes uppv\u00e4xt pr\u00e4glades av en <strong>familj<\/strong> med stort engagemang inom b\u00e5de musik och teater. Efter att ha avlagt studentexamen b\u00f6rjade hon studera p\u00e5 universitetet. Dessa studier ledde henne vidare till en framg\u00e5ngsrik karri\u00e4r.<\/p>\n<p>Under sina tidiga \u00e5r var hon mycket aktiv i <strong>lokala teatergrupper<\/strong>. Detta gav henne v\u00e4rdefull erfarenhet och en stark grund att st\u00e5 p\u00e5. Hennes passion f\u00f6r <strong>konst<\/strong> och <strong>kultur<\/strong> har f\u00f6ljt henne genom hela livet. Dessutom b\u00f6rjade hon snart arbeta som redakt\u00f6r f\u00f6r en lokal tidning.<\/p>\n<p>Till skillnad fr\u00e5n m\u00e5nga andra i branschen, har <strong>Ann Lundberg<\/strong> alltid haft en klar vision. Hon ville g\u00f6ra en skillnad genom sitt arbete inom <strong>media<\/strong>. Hennes f\u00f6rm\u00e5ga att ber\u00e4tta historier f\u00e5ngade omedelbart publikens intresse. Med tiden v\u00e4xte hennes rykte som en <strong>framst\u00e5ende<\/strong> media-personlighet.<\/p>\n<p>Idag \u00e4r hon k\u00e4nd f\u00f6r sina insikter och f\u00f6rm\u00e5ga att engagera b\u00e5de publik och medarbetare. Hennes tidiga erfarenheter har format henne till den ledande figur hon \u00e4r idag. Det har ocks\u00e5 p\u00e5verkat hennes approach till <strong>journalistik<\/strong> och <strong>kulturprogram<\/strong>.<\/p>\n<h3><span class=\"ez-toc-section\" id=\"Uppvakta_karriaren\"><\/span>Uppvakta karri\u00e4ren<span class=\"ez-toc-section-end\"><\/span><\/h3>\n<p>Som journalist har <strong>Ann Lundberg<\/strong> blivit en stor r\u00f6st inom svensk media. Hon har h\u00e5llit flera program som belyser <strong>viktiga samh\u00e4llsfr\u00e5gor<\/strong>. Genom sina inslag har hon f\u00f6rm\u00e5tt att f\u00e5 publiken att t\u00e4nka efter. Teman som hon ofta behandlar inkluderar <strong>identitet<\/strong> och <strong>gemenskap<\/strong>.<\/p>\n<p>Under sin karri\u00e4r har hon \u00e4ven genomf\u00f6rt djupg\u00e5ende intervjuer med <strong>m\u00e5nga k\u00e4nda profiler<\/strong>. Dessa samtal har bidragit till att synligg\u00f6ra viktiga aspekter av den svenska kulturen. Operativa studier blir central f\u00f6r hennes arbete och p\u00e5verkar hennes program.<\/p>\n<p>Med en stark k\u00e4nsla f\u00f6r <strong>humaniora<\/strong> har hon alltid str\u00e4vat efter att utbilda och informera sin publik. Hennes insatser inom media \u00e4r inte bara underh\u00e5llande utan ocks\u00e5 utbildande. Detta g\u00f6r att hon n\u00e5r ut till en bred publik.<\/p>\n<p>Hennes arbetsmetodik bygger p\u00e5 <strong>\u00f6ppenhet<\/strong> och \u00e4rlighet, n\u00e5got som fler och fler medier vill efterlikna. Genom hennes professionella insatser har m\u00e5nga kunnat uppt\u00e4cka en djupare f\u00f6rst\u00e5else f\u00f6r svenska <strong>traditioner<\/strong>.<\/p>\n<h3><span class=\"ez-toc-section\" id=\"Medierelaterade_projekt\"><\/span>Medierelaterade projekt<span class=\"ez-toc-section-end\"><\/span><\/h3>\n<p>Under sin karri\u00e4r har hon st\u00f6tt p\u00e5 flera utmaningar. Trots detta har <strong>Ann Lundberg<\/strong> ofta lyckats f\u00f6rvandla dessa motg\u00e5ngar till framg\u00e5ngar. Hennes projekt varierar fr\u00e5n <strong>TV-program<\/strong> till <strong>podcast<\/strong> &#8211; alla med en r\u00f6d tr\u00e5d av <strong>engagemang<\/strong> och <strong>kreativitet<\/strong>.<\/p>\n<p>Genom sina program s\u00e4tter hon ofta <strong>fokus<\/strong> p\u00e5 de mest aktuella fr\u00e5gorna i samh\u00e4llet. Hennes program \u00e4r ett perfekt exempel p\u00e5 hur media b\u00f6r agera i en <strong>f\u00f6r\u00e4ndrad v\u00e4rld<\/strong>. Dessa insikter g\u00f6r att hon engagerar sig djupt med sin publik.<\/p>\n<p>Hon \u00e4r ocks\u00e5 k\u00e4nd f\u00f6r att ta upp ov\u00e4ntade \u00e4mnen, vilket m\u00e5nga g\u00e5nger leder till <strong>sp\u00e4nnande diskussioner<\/strong>. Genom detta s\u00e4tt att arbeta g\u00f6r hon det l\u00e4ttare f\u00f6r sina tittare att relatera till olika perspektiv. Hennes unika perspektiv ger en ny dimension till <strong>journalistik<\/strong>.<\/p>\n<p>Denna typ av arbete har gjort henne till en av Sveriges mest <strong>respekterade<\/strong> medier i sin genre. Hennes f\u00f6rm\u00e5ga att skapa engagemang g\u00f6r att m\u00e5nga ser fram emot hennes programst\u00e4ndigt. Genom h\u00e5rt arbete och uth\u00e5llighet har hon blivit en inspirativ figur.<\/p>\n<h2><span class=\"ez-toc-section\" id=\"Aktuella_projekt\"><\/span>Aktuella projekt<span class=\"ez-toc-section-end\"><\/span><\/h2>\n<p>F\u00f6r n\u00e4rvarande jobbar <strong>Ann Lundberg<\/strong> med flera olika projekt inom svensk media. Hon fokuserar p\u00e5 att lyfta fram <strong>kulturarvet<\/strong> och dess betydelse i dagens samh\u00e4lle. Med sina program str\u00e4var hon efter att skapa en mer inkluderande <strong>diskurs<\/strong>.<\/p>\n<p>Ett av de mest uppm\u00e4rksammade projekten \u00e4r ett program som lyfter <strong>historiska<\/strong> och <strong>nutida framg\u00e5ngar<\/strong> inom kulturen. Detta projekt g\u00f6r det m\u00f6jligt f\u00f6r publiken att b\u00e4ttre f\u00f6rst\u00e5 de kulturella <strong>dimensioner<\/strong> av v\u00e5rt samh\u00e4lle. Hennes f\u00f6rm\u00e5ga att f\u00f6rmedla dessa id\u00e9er \u00e4r beundransv\u00e4rd.<\/p>\n<p>Genom sina inslag vill hon inspirera yngre generationer att utforska sitt kulturella <strong>arv<\/strong>. Denna ambition resulterar i att fler vill delta i diskussioner kring kultur och identitet. Det blir tydligt att hon \u00e4r passionerad i sitt arbete.<\/p>\n<p>Med en stark koppling till sitt <strong>arv<\/strong> jobbar Ann \u00e4ven med att synligg\u00f6ra olika kulturella uttryck i media. Detta arbete \u00e4r avg\u00f6rande f\u00f6r att skapa f\u00f6rst\u00e5else mellan olika <strong>grupper<\/strong> i samh\u00e4lle. Hon tar sin roll p\u00e5 stort allvar och inspirerar andra att g\u00f6ra detsamma.<\/p>\n<h3><span class=\"ez-toc-section\" id=\"Engagemang_i_sociala_fragor\"><\/span>Engagemang i sociala fr\u00e5gor<span class=\"ez-toc-section-end\"><\/span><\/h3>\n<p>Ann Lundberg har alltid varit en p\u00e5drivare f\u00f6r social <strong>r\u00e4ttvisa<\/strong>. Hon har ofta st\u00e4llt fr\u00e5gan om hur media kan bidra till att f\u00f6r\u00e4ndra sammanhang. Dessutom anser hon att det \u00e4r viktigt att lyfta r\u00f6ster som ofta \u00e4r <strong>osynliga<\/strong>. Hennes arbete ligger n\u00e4ra m\u00e4nniskors <strong>hj\u00e4rtan<\/strong>.<\/p>\n<p>Genom att utforska fr\u00e5gor om diskriminering och marginalisering bidrar <strong>Ann Lundberg<\/strong> till att \u00f6ka medvetenheten. Det \u00e4r en av hennes fr\u00e4msta m\u00e5l att f\u00f6rmedla kunskap till breda grupper av m\u00e4nniskor. Resultatet av hennes arbete har skapat en djupare f\u00f6rst\u00e5else f\u00f6r sociala fr\u00e5gor.<\/p>\n<p>Hennes insatser har bel\u00f6nats med m\u00e5nga utm\u00e4rkelser. Detta visar p\u00e5 hennes starka engagemang och viljan att fortl\u00f6pande lyfta fram viktiga fr\u00e5gor. Hon framst\u00e5r som en <strong>inspirationsk\u00e4lla<\/strong> f\u00f6r b\u00e5de kollegor och anh\u00e4ngare.<\/p>\n<p>Genom att p\u00e5 ett empatiskt s\u00e4tt diskutera tuffa \u00e4mnen har hon lyckats s\u00e4kra en respektabel position inom media. Fokus p\u00e5 sociala fr\u00e5gor \u00e4r avg\u00f6rande f\u00f6r hennes arbete och visar p\u00e5 hennes gedigna engagemang. Detta har resulterat i en stark v\u00e4gledande roll i det svenska samh\u00e4llet.<\/p>\n<h2><span class=\"ez-toc-section\" id=\"Framtidsutsikter\"><\/span>Framtidsutsikter<span class=\"ez-toc-section-end\"><\/span><\/h2>\n<p>Framtiden f\u00f6r <strong>Ann Lundberg<\/strong> ser ljus ut. Hon planerar att forts\u00e4tta arbeta med <strong>kulturella<\/strong> och <strong>sociala projekt<\/strong> som ber\u00f6r publiken. Hennes vision \u00e4r att n\u00e5 ut till \u00e4nnu fler m\u00e4nniskor. Detta g\u00f6r att hon forts\u00e4tter att utvecklas b\u00e5de som person och medieintrodukt\u00f6r.<\/p>\n<p>Nationella och internationella samarbeten \u00e4r ocks\u00e5 p\u00e5 tapeten. Hon ser fram emot att kunna jobba med internationella kollegor och skapa unika program. Det kommer att ge henne nya perspektiv och m\u00f6jligheter att lyfta fram viktiga fr\u00e5gor.<\/p>\n<p>Med sin passion och talang kommer <strong>Ann Lundberg<\/strong> s\u00e4kert att forts\u00e4tta inspirera och engagera publiken. Hennes fokus p\u00e5 kvalitet och betydelse g\u00f6r henne till en ov\u00e4rderlig resurs inom <strong>media<\/strong>. M\u00e5ls\u00e4ttningen \u00e4r att st\u00e4ndigt v\u00e4xa och l\u00e4ra sig nya s\u00e4tt att kommunicera.<\/p>\n<p>\u00d6ver tid har hon byggt en stark plattform f\u00f6r dialog och debatt. En plattform som m\u00e5nga nu betraktar som en standard. Hennes engagemang kommer s\u00e4kerligen att forts\u00e4tta att p\u00e5verka den kulturella och sociala milj\u00f6n i Sverige.<\/p>\n<h2><span class=\"ez-toc-section\" id=\"Ann_Lundberg\"><\/span>Ann Lundberg<span class=\"ez-toc-section-end\"><\/span><\/h2>\n<h2><span class=\"ez-toc-section\" id=\"TV-karriar_och_programledarskap\"><\/span>TV-karri\u00e4r och programledarskap<span class=\"ez-toc-section-end\"><\/span><\/h2>\n<p>Den svenska tv-profilen <strong>Ann Lundberg<\/strong> har under m\u00e5nga \u00e5r varit en v\u00e4lk\u00e4nd ansikte i svensk television. Hennes karri\u00e4r har inkluderat program b\u00e5de inom underh\u00e5llning och dokument\u00e4rgenren. Tack vare sitt unika s\u00e4tt att leda program har hon skapat en stor f\u00f6ljarbas. <strong>Ann Lundberg<\/strong> har ocks\u00e5 blivit en f\u00f6rebild f\u00f6r m\u00e5nga unga programledare i branschen.<\/p>\n<p>En av hennes mest framst\u00e5ende program \u00e4r &#8220;Antikrundan&#8221;, d\u00e4r hon resulterar i fantastiska historier kring antikviteter. Programmet har blivit mycket popul\u00e4rt och blivit en tv-klassiker i Sverige. <strong>Ann Lundberg<\/strong> bidrar med sin expertis och charm, vilket g\u00f6r att m\u00e5nga ser fram emot varje avsnitt. Hon har dessutom arbetat med olika v\u00e4lg\u00f6renhetsprojekt, vilket visar hennes engagemang.<\/p>\n<p>Med en passion f\u00f6r att ber\u00e4tta historier har <strong>Ann Lundberg<\/strong> lyckats bygga en stark personlig profil. Hennes f\u00f6rm\u00e5ga att interagera med g\u00e4ster och publik g\u00f6r hennes program \u00e4nnu mer intressanta. Tyngden i hennes fr\u00e5gor bidrar till djupa och meningsfulla diskussioner. Hennes expertis inom media \u00e4r uppenbar, vilket g\u00f6r att hon \u00e4r ofta efterfr\u00e5gad i olika sammanhang.<\/p>\n<p>Ut\u00f6ver sin karri\u00e4r i tv har <strong>Ann Lundberg<\/strong> ocks\u00e5 synts i olika dokument\u00e4rer. Hon utforskar \u00e4mnen som r\u00f6r historia och kultur, vilket ytterligare breddar hennes publik. M\u00e5nga av dessa projekt har f\u00e5tt h\u00f6g ber\u00f6m av b\u00e5de kritiker och tittare. F\u00f6r att l\u00e4sa mer om <strong>Ann Lundberg<\/strong>, kan man bes\u00f6ka hennes profil p\u00e5 <a href=\"https:\/\/sv.wikipedia.org\/wiki\/Ann_Lundberg\" target=\"_blank\" rel=\"noopener\">Wikipedia<\/a>.<\/p>\n<h3><span class=\"ez-toc-section\" id=\"Dokumentarer_och_kulturprogram\"><\/span>Dokument\u00e4rer och kulturprogram<span class=\"ez-toc-section-end\"><\/span><\/h3>\n<p><strong>Ann Lundberg<\/strong> har medverkat i flera betydande dokument\u00e4rer som fokuserar p\u00e5 svenskt kulturarv. Genom sitt arbete har hon visat p\u00e5 vikten av att bevara historiska ber\u00e4ttelser. Dessa dokument\u00e4rer har ofta en djupt f\u00f6rankrad k\u00e4nsla f\u00f6r historia, vilket engagerar publikens intresse. Hennes stil att f\u00f6rmedla dessa ber\u00e4ttelser \u00e4r b\u00e5de l\u00e4rorik och underh\u00e5llande.<\/p>\n<p>Genom att utforska olika \u00e4mnen kopplade till svensk historia, skapar <strong>Ann Lundberg<\/strong> en plattform f\u00f6r diskussion. Hon intervjuar experter och inblandade f\u00f6r att f\u00e5 en djupare insikt i \u00e4mnet. Detta g\u00f6r hennes program m\u00e5ngfacetterade och v\u00e4lgrundade. Deltagarna i programmen k\u00e4nner sig ofta inspirerade av hennes engagemang och nyfikenhet.<\/p>\n<p>Som en driven programledare har <strong>Ann Lundberg<\/strong> lett debatter om viktiga kulturella och samh\u00e4lleliga fr\u00e5gor. Genom sina program belyser hon ofta aktuella teman som ber\u00f6r m\u00e5nga m\u00e4nniskor. Det skapar en k\u00e4nsla av igenk\u00e4nning och ger en djupare f\u00f6rst\u00e5else f\u00f6r dessa \u00e4mnen. Hennes bidrag till kulturprogram \u00e4r betydande och uppskattas av m\u00e5nga.<\/p>\n<p>Den positiva responsen fr\u00e5n publiken visar att <strong>Ann Lundberg<\/strong> lyckas f\u00e5nga b\u00e5de hj\u00e4rtan och sinnen. M\u00e5nga tittare k\u00e4nner att de l\u00e4r sig n\u00e5got nytt och v\u00e4rdefullt varje g\u00e5ng de ser hennes program. Hennes arbete \u00e4r ett bevis p\u00e5 hur viktig nyhets- och kulturf\u00f6rmedling \u00e4r i dagens samh\u00e4lle. F\u00f6r mer om dokument\u00e4rer och <strong>Ann Lundberg<\/strong>, se <a href=\"https:\/\/www.svt.se\/nyheter\/tag\/ann-lundberg\" target=\"_blank\" rel=\"noopener\">SVT<\/a>.<\/p>\n<h3><span class=\"ez-toc-section\" id=\"Personligt_liv_och_varderingar\"><\/span>Personligt liv och v\u00e4rderingar<span class=\"ez-toc-section-end\"><\/span><\/h3>\n<p><strong>Ann Lundberg<\/strong> \u00e4r inte bara en k\u00e4nd programledare, utan ocks\u00e5 en familjemedlem och v\u00e4n. Hon v\u00e4rderar starkt sitt privatliv och balans mellan arbete och familj. Genom \u00e5ren har hon lyckats beh\u00e5lla en l\u00e5g profil g\u00e4llande sitt personliga liv, vilket ger henne mer integritet. M\u00e5nga ser upp till henne f\u00f6r detta fokus p\u00e5 det som verkligen betyder n\u00e5got.<\/p>\n<p>En stor del av <strong>Ann Lundberg<\/strong>s v\u00e4rderingar handlar om att vara genuin och \u00e4rlig mot sina medm\u00e4nniskor. Hon l\u00e4gger stor vikt vid att vara en f\u00f6rebild f\u00f6r andra, b\u00e5de inom och utanf\u00f6r media. Hennes inst\u00e4llning \u00e4r att man alltid ska str\u00e4va efter att g\u00f6ra det som \u00e4r r\u00e4tt. Detta har lett till en stor respekt bland kollegor och fans.<\/p>\n<p><\/p>\n<div id='video-container' data-video-id='2Q5MeG4QUdI' style='width:100%; height:auto; max-width:587px; position: relative;'>\n<div class='image-video-plugin' style='background:url(\"https:\/\/img.youtube.com\/vi\/2Q5MeG4QUdI\/0.jpg\") center no-repeat; background-size: cover;'><\/div>\n<p>        <span class='youtube-play-button'><\/span><br \/>\n        <noscript><a href=\"https:\/\/www.youtube.com\/watch?v=2Q5MeG4QUdI\" target=\"_blank\" rel=\"noopener\">Play on YouTube<\/a><\/noscript>\n    <\/div>\n<p><\/p>\n<p>Med ett genuint intresse f\u00f6r m\u00e4nniskor engagerar sig <strong>Ann Lundberg<\/strong> ocks\u00e5 i olika sociala projekt. Hon anv\u00e4nder sin plattform f\u00f6r att lyfta fram viktiga fr\u00e5gor som r\u00f6r samh\u00e4lle och social r\u00e4ttvisa. Att ge r\u00f6st \u00e5t dem som ofta inte h\u00f6rs \u00e4r en viktig uppgift f\u00f6r henne. Det visar verkligen hennes engagemang f\u00f6r samh\u00e4llet och dess medborgare.<\/p>\n<p>Hennes familj spelar en central roll i hennes liv och bidrar till hennes framg\u00e5ngar. Genom att ha en n\u00e4ra relation till familjen kan <strong>Ann Lundberg<\/strong> h\u00e5lla sig grounded. Det \u00e4r ocks\u00e5 n\u00e5got som m\u00e5nga i hennes publik kan relatera till och uppskatta. I intervjuer betonar hon ofta betydelsen av familjev\u00e4rderingar och hur de formar individens identitet.<\/p>\n<h2><span class=\"ez-toc-section\" id=\"Engagemang_for_valgorenhet\"><\/span>Engagemang f\u00f6r v\u00e4lg\u00f6renhet<span class=\"ez-toc-section-end\"><\/span><\/h2>\n<p><strong>Ann Lundberg<\/strong> har alltid haft ett starkt engagemang f\u00f6r v\u00e4lg\u00f6renhetsfr\u00e5gor. Genom sin plattform har hon m\u00f6jlighet att g\u00f6ra skillnad i samh\u00e4llet. M\u00e5nga g\u00e5nger har hon varit med och samlat in pengar f\u00f6r olika organisationer. Det g\u00f6r att hennes arbete blir \u00e4nnu betydelsefullare f\u00f6r m\u00e5nga.<\/p>\n<p>Genom program som &#8220;V\u00e4rldens Barn&#8221; och liknande, har <strong>Ann Lundberg<\/strong> varit delaktig i att sprida medvetenhet om olika humanit\u00e4ra fr\u00e5gor. Hennes engagemang resulterar ofta i positiv f\u00f6r\u00e4ndring. Tittare uppskattar hennes entusiasm och passion f\u00f6r att hj\u00e4lpa andra. Det motiverar \u00e4ven fler att delta i v\u00e4lg\u00f6renhetsarbete.<\/p>\n<p>Hon \u00e4r en av de m\u00e5nga k\u00e4nda profilernas ansikte ut\u00e5t, vilket har lett till att m\u00e5nga samlas kring hennes projekt. Att kunna f\u00f6rena sitt intresse f\u00f6r media med socialt engagemang \u00e4r en stor styrka. Det visar ocks\u00e5 p\u00e5 hur viktigt det \u00e4r med offentliga personer som st\u00e4ller upp f\u00f6r v\u00e4lg\u00f6renhet. <strong>Ann Lundberg<\/strong> \u00e4r absolut en inspirationsk\u00e4lla.<\/p>\n<p>F\u00f6r mer information om olika v\u00e4lg\u00f6renhetsprojekt som <strong>Ann Lundberg<\/strong> \u00e4r involverad i, kan man bes\u00f6ka <a href=\"https:\/\/www.svenska-folkets-favoriter.se\" target=\"_blank\" rel=\"noopener\">Svenska Folkets Favoriter<\/a>. D\u00e4r kan man ocks\u00e5 l\u00e4ra sig mer om hennes arbete och andra program. Hennes insatser g\u00f6r skillnad, vilket m\u00e5nga \u00e4r tacksamma f\u00f6r.<\/p>\n<h3><span class=\"ez-toc-section\" id=\"Inspirerande_projekt_och_kampanjer\"><\/span>Inspirerande projekt och kampanjer<span class=\"ez-toc-section-end\"><\/span><\/h3>\n<p><strong>Ann Lundberg<\/strong> har varit med om m\u00e5nga inspirerande projekt som syftar till att f\u00f6rb\u00e4ttra samh\u00e4llet. Hennes engagemang f\u00f6r olika kampanjer visar p\u00e5 den viktiga roll hon spelar. Hon har en f\u00f6rm\u00e5ga att inspirera andra att agera och g\u00f6ra skillnad. Alla kan bidra, och p\u00e5 s\u00e5 s\u00e4tt skapas en starkare gemenskap.<\/p>\n<p>Tillsammans med andra k\u00e4nda profiler har <strong>Ann Lundberg<\/strong> drivit olika kampanjer f\u00f6r barn och ungdomar. Det g\u00f6r att m\u00e5nga f\u00e5r en m\u00f6jlighet att uttrycka sig och f\u00e5 de resurser de beh\u00f6ver. M\u00e5let \u00e4r alltid att skapa positiva resultat f\u00f6r de inblandade. Att se dessa insatser ge frukt \u00e4r verkligen bel\u00f6nande.<\/p>\n<p>Genom att st\u00f6tta kulturella evenemang och initiativ har <strong>Ann Lundberg<\/strong> bidragit till att st\u00e4rka svensk kultur. Hon \u00e4r en aktiv f\u00f6respr\u00e5kare f\u00f6r olika kulturella uttryck och visar hur viktigt det \u00e4r att v\u00e4rna om detta. Hennes passion g\u00f6r att m\u00e5nga k\u00e4nner sig sedda och h\u00f6rda, n\u00e5got som \u00e4r ov\u00e4rderligt.<\/p>\n<p>Med sitt breda n\u00e4tverk lyckas <strong>Ann Lundberg<\/strong> n\u00e5 ut till m\u00e5nga och mobilisera engagemang f\u00f6r olika fr\u00e5gor. Det \u00e4r inspirerande att se hur hon f\u00f6renar sitt arbete med sitt hj\u00e4rta. Att skapa f\u00f6r\u00e4ndring \u00e4r centralt i hennes arbete, och m\u00e5nga ser upp till hennes h\u00e4ngivenhet. L\u00e4s mer om hennes projekt p\u00e5 <a href=\"https:\/\/www.vagabond.se\" target=\"_blank\" rel=\"noopener\">Vagabond<\/a>.<\/p>\n<h3><span class=\"ez-toc-section\" id=\"Framtiden_for_Ann_Lundberg\"><\/span>Framtiden f\u00f6r Ann Lundberg<span class=\"ez-toc-section-end\"><\/span><\/h3>\n<p>Fram\u00e5tblickande har <strong>Ann Lundberg<\/strong> m\u00e5nga ambitioner f\u00f6r sin fortsatta karri\u00e4r. Hon vill forts\u00e4tta engagera sig i fr\u00e5gor som ligger henne varmt om hj\u00e4rtat. Hennes intresse f\u00f6r att ber\u00e4tta historier kommer alltid att finnas kvar och blir en del av hennes framg\u00e5ng. Tittarna kan f\u00f6rv\u00e4nta sig \u00e4nnu fler sp\u00e4nnande program.<\/p>\n<p>Att kombinera sitt arbete som programledare med socialt engagemang \u00e4r en konstant str\u00e4van f\u00f6r <strong>Ann Lundberg<\/strong>. Hon tror p\u00e5 att alla kan g\u00f6ra skillnad och vill inspirera andra att g\u00f6ra samh\u00e4llet b\u00e4ttre. Det \u00e4r en del av hennes vision f\u00f6r framtiden, och hon \u00e4r fast besluten att g\u00f6ra skillnad.<\/p>\n<p>Det \u00e4r ocks\u00e5 troligt att vi kommer att se <strong>Ann Lundberg<\/strong> i nya sammanhang, b\u00e5de p\u00e5 och utanf\u00f6r sk\u00e4rmen. Hennes n\u00e4rvaro i olika projekt och initiativ g\u00f6r henne till en viktig r\u00f6st i debatten. Hennes m\u00e5l \u00e4r alltid tydligt: att inspirera och skapa engagemang.<\/p>\n<p>Som en engagerad och inspirerande person kommer <strong>Ann Lundberg<\/strong> att forts\u00e4tta att vara en kraft att r\u00e4kna med. M\u00e5nga ser fram emot att f\u00f6lja hennes utveckling och de projekt hon engagerar sig i. Hennes professionalism och h\u00e4ngivenhet g\u00f6r att hon redan har ett stort avtryck.<\/p>\n<h2><span class=\"ez-toc-section\" id=\"Ann_Lundberg_%E2%80%93_En_Framjare_av_Kultur\"><\/span>Ann Lundberg &#8211; En Fr\u00e4mjare av Kultur<span class=\"ez-toc-section-end\"><\/span><\/h2>\n<h2><span class=\"ez-toc-section\" id=\"Inverkan_pa_yngre_generationer\"><\/span>Inverkan p\u00e5 yngre generationer<span class=\"ez-toc-section-end\"><\/span><\/h2>\n<p><strong>Ann Lundberg<\/strong> har haft en betydande inverkan p\u00e5 yngre generationers syn p\u00e5 kultur. Genom sina program har hon v\u00e4ckt intresse f\u00f6r konst och historia. M\u00e5nga unga har inspirerats av hennes unika s\u00e4tt att presentera \u00e4mnen. Hennes engagemang f\u00f6r utbildning och kultur \u00e4r beundransv\u00e4rt.<\/p>\n<p>Med ett brett urval av kulturella inslag, har Lundberg lyckats n\u00e5 ut till en diversifierad publik. Hon presenterar inte bara k\u00e4nda verk, utan \u00e4ven mindre k\u00e4nda konstn\u00e4rer och deras ber\u00e4ttelser. Detta klarg\u00f6r att kultur \u00e4r f\u00f6r alla, oavsett bakgrund. Hennes f\u00f6rm\u00e5ga att engagera unga \u00e4r ov\u00e4rderlig f\u00f6r framtiden.<\/p>\n<p>F\u00f6rutom sitt program har <strong>Ann Lundberg<\/strong> bidragit till flera utbildningsprojekt. Dessa projekt syftar till att \u00f6ka medvetenheten om vikten av kultur i samh\u00e4llet. Genom workshops och f\u00f6rel\u00e4sningar uppmuntrar hon unga att uttrycka sig genom konst. Hennes positiva inverkan \u00e4r tydlig i m\u00e5nga unga m\u00e4nniskors liv.<\/p>\n<p>Flera organisationer har ocks\u00e5 beaktat hennes arbete och inverkan. Dessa lyfter fram hennes bidrag till kulturell m\u00e5ngfald och utbildning. <strong>Ann Lundberg<\/strong> \u00e4r d\u00e4rf\u00f6r en f\u00f6rebild f\u00f6r framtida generationer. Hennes arbete forts\u00e4tter att inspirera och p\u00e5verka positiva f\u00f6r\u00e4ndringar.<\/p>\n<h3><span class=\"ez-toc-section\" id=\"Utbildning_och_Inspiration\"><\/span>Utbildning och Inspiration<span class=\"ez-toc-section-end\"><\/span><\/h3>\n<p>Utbildningsprogram som involverar <strong>Ann Lundberg<\/strong> har skapat plattformar f\u00f6r kreativt uttryck. Dessa program understryker vikten av kultur f\u00f6r ungas personliga utveckling. M\u00e5nga deltagare har rapporterat om en \u00f6kad medvetenhet kring sina egna intressen. Ann&#8217;s insatser g\u00e5r i linje med den kultur som fr\u00e4mjas i Sverige.<\/p>\n<p>Genom att visa upp olika kulturella perspektiv, inkluderar hennes projekt en rad olika uttryck. Hon arbetar f\u00f6r att bryta ner barri\u00e4rer och g\u00f6ra kulturen tillg\u00e4nglig f\u00f6r alla. Det bidrar till att forma ett mer inkluderande samh\u00e4lle. Lundberg visar att engagemang f\u00f6r kultur kan kapitaliseras i utbildning.<\/p>\n<p>Hennes specialisering inom konst och kultur g\u00f6r att m\u00e5nga pedagoger s\u00f6ker henne f\u00f6r samarbete. Genom kreativitet och historia, f\u00e5ngar <strong>Ann Lundberg<\/strong> intresset hos m\u00e5nga unga. Deltagarna l\u00e4r sig samtidigt om samh\u00e4llets historia och kultur. Detta s\u00e4tter djupa avtryck i deras intellekt och identitet.<\/p>\n<h3><span class=\"ez-toc-section\" id=\"Kulturellt_Arv\"><\/span>Kulturellt Arv<span class=\"ez-toc-section-end\"><\/span><\/h3>\n<p>Ann Lundbergs arbete fr\u00e4mjar f\u00f6rst\u00e5elsen f\u00f6r Sveriges kulturella arv. Hennes program argumenterar starkt f\u00f6r att bevara och uppskatta traditioner. Genom att gr\u00e4va i det f\u00f6rflutna, belyser hon betydelsen av v\u00e5rt gemensamma arv. Det kommer inte bara att bevaras f\u00f6r framtida generationer, utan \u00e4ven f\u00f6rst\u00e5s.<\/p>\n<p>Genom att f\u00f6ra fram olika kulturella aspekter av Sverige, g\u00f6r Lundberg v\u00e5r historia levande. M\u00e5nga missar den djupg\u00e5ende p\u00e5verkan som kultur har p\u00e5 individens liv. Hennes program erbjuder en v\u00e4g att \u00e5teruppt\u00e4cka svenskt kulturarv. M\u00e5let \u00e4r att inspirera till en djupare f\u00f6rst\u00e5else och uppskattning.<\/p>\n<p>Som v\u00e4gledare f\u00f6r unga, visar hon vikten av v\u00e5rt gemensamma kulturarv. Hon bjuder in till diskussioner kring det historiska och kulturella arvet. <strong>Ann Lundberg<\/strong> \u00e4r utan tvekan en stor tillg\u00e5ng i detta arbete. Hennes engagemang f\u00f6r att lyfta kulturen \u00e4r beundransv\u00e4rt.<\/p>\n<h2><span class=\"ez-toc-section\" id=\"Media_och_Entertainment\"><\/span>Media och Entertainment<span class=\"ez-toc-section-end\"><\/span><\/h2>\n<p>Inom media spelar <strong>Ann Lundberg<\/strong> en ledande roll idag. Hennes n\u00e4rvaro i olika program har satt fokus p\u00e5 viktiga kulturella fr\u00e5gor. Behovet av en stark mediar\u00f6st f\u00f6r kultur har aldrig varit s\u00e5 stort. Lundberg har verkligen fyllt en viktig funktion inom detta omr\u00e5de.<\/p>\n<p>Med framg\u00e5ngsrika program under sin ledning, visar hon hur media kan vara ett verktyg f\u00f6r f\u00f6r\u00e4ndring. Hon f\u00f6respr\u00e5kar f\u00f6r att kulturella inslag integreras mer i media. Det har skapat en plattform f\u00f6r kvinnor inom media, d\u00e4r deras r\u00f6ster kan h\u00f6ras. <strong>Ann Lundberg<\/strong> \u00e4r en viktig f\u00f6reg\u00e5ngare i dessa samtal.<\/p>\n<p>Hennes f\u00f6rm\u00e5ga att underh\u00e5lla och informera \u00e4r en av anledningarna till hennes popularitet. Flera av hennes program har vunnit priser och blivit hyllade internationellt. Lundbergs arbete visar p\u00e5 betydelsen av kultur i media och i v\u00e5ra liv. Hon bidrar till att forma en ny mediev\u00e4rld.<\/p>\n<p>Vad hennes program har lyckats \u00e5stadkomma \u00e4r en djupare f\u00f6rst\u00e5else f\u00f6r v\u00e5rt samh\u00e4lle. Det \u00e4r tydligt att hennes arbete inom media inte bara underh\u00e5ller. Det informerar och utbildar ocks\u00e5 publiken om viktiga fr\u00e5gor. Det \u00e4r en del av varf\u00f6r <strong>Ann Lundberg<\/strong> blivit en \u00e4lskad figur.<\/p>\n<h3><span class=\"ez-toc-section\" id=\"Dokumentarer_och_Kultur\"><\/span>Dokument\u00e4rer och Kultur<span class=\"ez-toc-section-end\"><\/span><\/h3>\n<p>Dokument\u00e4rer har blivit en viktig del av Lundbergs arbete, vilket erbjuder insikt i samh\u00e4llet. Genom att lyfta fram olika kulturella ber\u00e4ttelser, ger hon en r\u00f6st \u00e5t dem som annars skulle f\u00f6rbli osynliga. Dessa historier spelar en avg\u00f6rande roll i att bevara kulturarvet. <strong>Ann Lundberg<\/strong> bjuder in publiken att reflektera \u00f6ver dessa ber\u00e4ttelser.<\/p>\n<p>Genom sin f\u00f6rm\u00e5ga att skapa engagemang, f\u00e5r hon publiken att t\u00e4nka djupare. Det g\u00f6r det inte bara underh\u00e5llande utan \u00e4ven informativt. Hennes dokument\u00e4rer visar hur kultur och historia h\u00e4nger samman. Det v\u00e4cker intresse f\u00f6r b\u00e5de nutid och d\u00e5tid.<\/p>\n<p>Flera av hennes dokument\u00e4rfilmer har blivit omtalade och v\u00e4l mottagna, vilket bekr\u00e4ftar hennes talang. Genom dessa projekt uppmanar hon till diskussioner om v\u00e5rt samh\u00e4lle. <strong>Ann Lundberg<\/strong> l\u00e4gger stor vikt vid att framh\u00e4va kulturell m\u00e5ngfald. Det bidrar till att forma en positiv social f\u00f6r\u00e4ndring.<\/p>\n<h2><span class=\"ez-toc-section\" id=\"Framtida_Prospekt\"><\/span>Framtida Prospekt<span class=\"ez-toc-section-end\"><\/span><\/h2>\n<p>Ser man fram\u00e5t, kan man f\u00f6rv\u00e4nta sig att <strong>Ann Lundberg<\/strong> forts\u00e4tter att spela en central roll inom kultursektorn. Hennes passion f\u00f6r sitt arbete och dess betydelse \u00e4r of\u00f6r\u00e4ndrad. Det finns stora f\u00f6rhoppningar p\u00e5 vad hennes framtida program kan \u00e5stadkomma. Hon f\u00f6rblir en inspirationsk\u00e4lla f\u00f6r m\u00e5nga.<\/p>\n<p>Med nya initiativ och projekt, kan Lundberg forts\u00e4tta att n\u00e5 ut till nya generationer. Hennes arbete inom olika kulturnischer \u00e4r b\u00e5de viktigt och aktuellt. Det bidrar till att skapa en medvetenhet om kulturella fr\u00e5gor. <strong>Ann Lundbergs<\/strong> framtidsvision \u00e4r s\u00e5 klart att n\u00e5 ut till s\u00e5 m\u00e5nga som m\u00f6jligt.<\/p>\n<p>Kommande program och event kommer sannolikt att inkludera fler interaktiva komponenter. Den digitala v\u00e4rlden erbjuder nya m\u00f6jligheter f\u00f6r att engagera publiken. Ann \u00e4r alltid p\u00e5 jakt efter nya s\u00e4tt att n\u00e5 ut och g\u00f6ra kulturen mer tillg\u00e4nglig. Hennes str\u00e4van f\u00f6r att involvera olika r\u00f6ster forts\u00e4tter att vara en prioritet.<\/p>\n<p>Fram\u00f6ver \u00e4r det troligt att <strong>Ann Lundberg<\/strong> bidrar med \u00e4nnu fler plattformar f\u00f6r utbildning och kultur. Hon arbetar f\u00f6r att g\u00f6ra s\u00e5dana insatser mer synliga. Genom sina engagemang och autenticitet, inspirerar hon unga att ta del av kulturen. Lundberg kommer att forts\u00e4tta vara en nyckelfigur i kulturens framtid.<\/p>\n<p><a href=\"https:\/\/sv.wikipedia.org\/wiki\/Kultur\" target=\"_blank\" rel=\"noopener\">L\u00e4s mer om kultur<\/a><br \/>\n<a href=\"https:\/\/sv.wikipedia.org\/wiki\/Media\" target=\"_blank\" rel=\"noopener\">L\u00e4s mer om media<\/a><br \/>\n<a href=\"https:\/\/sv.wikipedia.org\/wiki\/Utbildning\" target=\"_blank\" rel=\"noopener\">L\u00e4s mer om utbildning<\/a><\/p>\n<div id=\"ez-toc-container\" class=\"ez-toc-v2_0_87 ez-toc-wrap-center counter-hierarchy ez-toc-counter ez-toc-grey ez-toc-container-direction\">\n<div class=\"ez-toc-title-container\">\n<p class=\"ez-toc-title\" style=\"cursor:inherit\">Table of Contents<\/p>\n<span class=\"ez-toc-title-toggle\"><a href=\"#\" class=\"ez-toc-pull-right ez-toc-btn ez-toc-btn-xs ez-toc-btn-default ez-toc-toggle\" aria-label=\"Alternar tabla de contenidos\"><span class=\"ez-toc-js-icon-con\"><span class=\"\"><span class=\"eztoc-hide\" style=\"display:none;\">Toggle<\/span><span class=\"ez-toc-icon-toggle-span\"><svg style=\"fill: #999;color:#999\" xmlns=\"http:\/\/www.w3.org\/2000\/svg\" class=\"list-377408\" width=\"20px\" height=\"20px\" viewBox=\"0 0 24 24\" fill=\"none\"><path d=\"M6 6H4v2h2V6zm14 0H8v2h12V6zM4 11h2v2H4v-2zm16 0H8v2h12v-2zM4 16h2v2H4v-2zm16 0H8v2h12v-2z\" fill=\"currentColor\"><\/path><\/svg><svg style=\"fill: #999;color:#999\" class=\"arrow-unsorted-368013\" xmlns=\"http:\/\/www.w3.org\/2000\/svg\" width=\"10px\" height=\"10px\" viewBox=\"0 0 24 24\" version=\"1.2\" baseProfile=\"tiny\"><path d=\"M18.2 9.3l-6.2-6.3-6.2 6.3c-.2.2-.3.4-.3.7s.1.5.3.7c.2.2.4.3.7.3h11c.3 0 .5-.1.7-.3.2-.2.3-.5.3-.7s-.1-.5-.3-.7zM5.8 14.7l6.2 6.3 6.2-6.3c.2-.2.3-.5.3-.7s-.1-.5-.3-.7c-.2-.2-.4-.3-.7-.3h-11c-.3 0-.5.1-.7.3-.2.2-.3.5-.3.7s.1.5.3.7z\"\/><\/svg><\/span><\/span><\/span><\/a><\/span><\/div>\n<nav><ul class='ez-toc-list ez-toc-list-level-1 eztoc-toggle-hide-by-default' ><li class='ez-toc-page-1 ez-toc-heading-level-2'><a class=\"ez-toc-link ez-toc-heading-1\" href=\"https:\/\/ganardineroporinternet.me\/sw\/ann-lundberg\/#Ann_Lundberg_En_betydelsefull_profil_inom_svensk_kultur\" >Ann Lundberg: En betydelsefull profil inom svensk kultur<\/a><\/li><li class='ez-toc-page-1 ez-toc-heading-level-2'><a class=\"ez-toc-link ez-toc-heading-2\" href=\"https:\/\/ganardineroporinternet.me\/sw\/ann-lundberg\/#Biografi_och_tidiga_ar\" >Biografi och tidiga \u00e5r<\/a><ul class='ez-toc-list-level-3' ><li class='ez-toc-heading-level-3'><a class=\"ez-toc-link ez-toc-heading-3\" href=\"https:\/\/ganardineroporinternet.me\/sw\/ann-lundberg\/#Uppvakta_karriaren\" >Uppvakta karri\u00e4ren<\/a><\/li><li class='ez-toc-page-1 ez-toc-heading-level-3'><a class=\"ez-toc-link ez-toc-heading-4\" href=\"https:\/\/ganardineroporinternet.me\/sw\/ann-lundberg\/#Medierelaterade_projekt\" >Medierelaterade projekt<\/a><\/li><\/ul><\/li><li class='ez-toc-page-1 ez-toc-heading-level-2'><a class=\"ez-toc-link ez-toc-heading-5\" href=\"https:\/\/ganardineroporinternet.me\/sw\/ann-lundberg\/#Aktuella_projekt\" >Aktuella projekt<\/a><ul class='ez-toc-list-level-3' ><li class='ez-toc-heading-level-3'><a class=\"ez-toc-link ez-toc-heading-6\" href=\"https:\/\/ganardineroporinternet.me\/sw\/ann-lundberg\/#Engagemang_i_sociala_fragor\" >Engagemang i sociala fr\u00e5gor<\/a><\/li><\/ul><\/li><li class='ez-toc-page-1 ez-toc-heading-level-2'><a class=\"ez-toc-link ez-toc-heading-7\" href=\"https:\/\/ganardineroporinternet.me\/sw\/ann-lundberg\/#Framtidsutsikter\" >Framtidsutsikter<\/a><\/li><li class='ez-toc-page-1 ez-toc-heading-level-2'><a class=\"ez-toc-link ez-toc-heading-8\" href=\"https:\/\/ganardineroporinternet.me\/sw\/ann-lundberg\/#Ann_Lundberg\" >Ann Lundberg<\/a><\/li><li class='ez-toc-page-1 ez-toc-heading-level-2'><a class=\"ez-toc-link ez-toc-heading-9\" href=\"https:\/\/ganardineroporinternet.me\/sw\/ann-lundberg\/#TV-karriar_och_programledarskap\" >TV-karri\u00e4r och programledarskap<\/a><ul class='ez-toc-list-level-3' ><li class='ez-toc-heading-level-3'><a class=\"ez-toc-link ez-toc-heading-10\" href=\"https:\/\/ganardineroporinternet.me\/sw\/ann-lundberg\/#Dokumentarer_och_kulturprogram\" >Dokument\u00e4rer och kulturprogram<\/a><\/li><li class='ez-toc-page-1 ez-toc-heading-level-3'><a class=\"ez-toc-link ez-toc-heading-11\" href=\"https:\/\/ganardineroporinternet.me\/sw\/ann-lundberg\/#Personligt_liv_och_varderingar\" >Personligt liv och v\u00e4rderingar<\/a><\/li><\/ul><\/li><li class='ez-toc-page-1 ez-toc-heading-level-2'><a class=\"ez-toc-link ez-toc-heading-12\" href=\"https:\/\/ganardineroporinternet.me\/sw\/ann-lundberg\/#Engagemang_for_valgorenhet\" >Engagemang f\u00f6r v\u00e4lg\u00f6renhet<\/a><ul class='ez-toc-list-level-3' ><li class='ez-toc-heading-level-3'><a class=\"ez-toc-link ez-toc-heading-13\" href=\"https:\/\/ganardineroporinternet.me\/sw\/ann-lundberg\/#Inspirerande_projekt_och_kampanjer\" >Inspirerande projekt och kampanjer<\/a><\/li><li class='ez-toc-page-1 ez-toc-heading-level-3'><a class=\"ez-toc-link ez-toc-heading-14\" href=\"https:\/\/ganardineroporinternet.me\/sw\/ann-lundberg\/#Framtiden_for_Ann_Lundberg\" >Framtiden f\u00f6r Ann Lundberg<\/a><\/li><\/ul><\/li><li class='ez-toc-page-1 ez-toc-heading-level-2'><a class=\"ez-toc-link ez-toc-heading-15\" href=\"https:\/\/ganardineroporinternet.me\/sw\/ann-lundberg\/#Ann_Lundberg_%E2%80%93_En_Framjare_av_Kultur\" >Ann Lundberg &#8211; En Fr\u00e4mjare av Kultur<\/a><\/li><li class='ez-toc-page-1 ez-toc-heading-level-2'><a class=\"ez-toc-link ez-toc-heading-16\" href=\"https:\/\/ganardineroporinternet.me\/sw\/ann-lundberg\/#Inverkan_pa_yngre_generationer\" >Inverkan p\u00e5 yngre generationer<\/a><ul class='ez-toc-list-level-3' ><li class='ez-toc-heading-level-3'><a class=\"ez-toc-link ez-toc-heading-17\" href=\"https:\/\/ganardineroporinternet.me\/sw\/ann-lundberg\/#Utbildning_och_Inspiration\" >Utbildning och Inspiration<\/a><\/li><li class='ez-toc-page-1 ez-toc-heading-level-3'><a class=\"ez-toc-link ez-toc-heading-18\" href=\"https:\/\/ganardineroporinternet.me\/sw\/ann-lundberg\/#Kulturellt_Arv\" >Kulturellt Arv<\/a><\/li><\/ul><\/li><li class='ez-toc-page-1 ez-toc-heading-level-2'><a class=\"ez-toc-link ez-toc-heading-19\" href=\"https:\/\/ganardineroporinternet.me\/sw\/ann-lundberg\/#Media_och_Entertainment\" >Media och Entertainment<\/a><ul class='ez-toc-list-level-3' ><li class='ez-toc-heading-level-3'><a class=\"ez-toc-link ez-toc-heading-20\" href=\"https:\/\/ganardineroporinternet.me\/sw\/ann-lundberg\/#Dokumentarer_och_Kultur\" >Dokument\u00e4rer och Kultur<\/a><\/li><\/ul><\/li><li class='ez-toc-page-1 ez-toc-heading-level-2'><a class=\"ez-toc-link ez-toc-heading-21\" href=\"https:\/\/ganardineroporinternet.me\/sw\/ann-lundberg\/#Framtida_Prospekt\" >Framtida Prospekt<\/a><\/li><\/ul><\/nav><\/div>\n","protected":false},"excerpt":{"rendered":"<p>Ann Lundberg: En betydelsefull profil inom svensk kultur Biografi och tidiga \u00e5r Ann Lundberg f\u00f6ddes i Sverige och har tidigt visat intresse f\u00f6r kultur och media. Hennes uppv\u00e4xt pr\u00e4glades av en familj med stort engagemang inom b\u00e5de musik och teater. Efter att ha avlagt studentexamen b\u00f6rjade hon studera p\u00e5 universitetet. Dessa studier ledde henne vidare &hellip;<\/p>\n","protected":false},"author":1,"featured_media":804,"comment_status":"closed","ping_status":"closed","sticky":false,"template":"","format":"standard","meta":{"footnotes":""},"categories":[3],"tags":[],"class_list":["post-803","post","type-post","status-publish","format-standard","has-post-thumbnail","hentry","category-halsa"],"_links":{"self":[{"href":"https:\/\/ganardineroporinternet.me\/sw\/wp-json\/wp\/v2\/posts\/803","targetHints":{"allow":["GET"]}}],"collection":[{"href":"https:\/\/ganardineroporinternet.me\/sw\/wp-json\/wp\/v2\/posts"}],"about":[{"href":"https:\/\/ganardineroporinternet.me\/sw\/wp-json\/wp\/v2\/types\/post"}],"author":[{"embeddable":true,"href":"https:\/\/ganardineroporinternet.me\/sw\/wp-json\/wp\/v2\/users\/1"}],"replies":[{"embeddable":true,"href":"https:\/\/ganardineroporinternet.me\/sw\/wp-json\/wp\/v2\/comments?post=803"}],"version-history":[{"count":0,"href":"https:\/\/ganardineroporinternet.me\/sw\/wp-json\/wp\/v2\/posts\/803\/revisions"}],"wp:featuredmedia":[{"embeddable":true,"href":"https:\/\/ganardineroporinternet.me\/sw\/wp-json\/wp\/v2\/media\/804"}],"wp:attachment":[{"href":"https:\/\/ganardineroporinternet.me\/sw\/wp-json\/wp\/v2\/media?parent=803"}],"wp:term":[{"taxonomy":"category","embeddable":true,"href":"https:\/\/ganardineroporinternet.me\/sw\/wp-json\/wp\/v2\/categories?post=803"},{"taxonomy":"post_tag","embeddable":true,"href":"https:\/\/ganardineroporinternet.me\/sw\/wp-json\/wp\/v2\/tags?post=803"}],"curies":[{"name":"wp","href":"https:\/\/api.w.org\/{rel}","templated":true}]}}