{"id":557,"date":"2025-02-09T23:55:09","date_gmt":"2025-02-09T22:55:09","guid":{"rendered":"https:\/\/ganardineroporinternet.me\/sw\/2025\/02\/09\/airpods-pro-3\/"},"modified":"2025-02-09T23:55:09","modified_gmt":"2025-02-09T22:55:09","slug":"airpods-pro-3","status":"publish","type":"post","link":"https:\/\/ganardineroporinternet.me\/sw\/airpods-pro-3\/","title":{"rendered":"AirPods Pro 3: 7 fantastiska funktioner du m\u00e5ste veta!"},"content":{"rendered":"<h2><span class=\"ez-toc-section\" id=\"airpods_pro_3\"><\/span>airpods pro 3<span class=\"ez-toc-section-end\"><\/span><\/h2>\n<p><strong>AirPods Pro 3<\/strong> \u00e4r en av de mest efterl\u00e4ngtade h\u00f6rlurarna fr\u00e5n Apple. De erbjuder en betydande f\u00f6rb\u00e4ttring i ljudqualit\u00e9t och funktionalitet j\u00e4mf\u00f6rt med tidigare modeller. Med <strong>aktiva brusreducerande funktioner<\/strong> och en ergonomisk design, riktar dessa h\u00f6rlurar sig till b\u00e5de audiophiles och vardagsanv\u00e4ndare. Anv\u00e4ndarna kan f\u00f6rv\u00e4nta sig en f\u00f6rstklassig lyssningsupplevelse och nya innovativa funktioner.<\/p>\n<h2><span class=\"ez-toc-section\" id=\"Design_och_Komfort\"><\/span>Design och Komfort<span class=\"ez-toc-section-end\"><\/span><\/h2>\n<h3><span class=\"ez-toc-section\" id=\"Ergonomisk_Design\"><\/span>Ergonomisk Design<span class=\"ez-toc-section-end\"><\/span><\/h3>\n<p><strong>AirPods Pro 3<\/strong> \u00e4r noggrant konstruerade f\u00f6r att passa bekv\u00e4mt i \u00f6ronen. Deras formfaktor bidrar till l\u00e5ngvarig komfort, vilket g\u00f6r dem idealiska f\u00f6r l\u00e5ngvarig anv\u00e4ndning. Designen har anpassats f\u00f6r att minimera ljudl\u00e4ckage och \u00f6ka ljudkvaliteten. De finns \u00e4ven i olika storlekar f\u00f6r att passa en m\u00e4ngd olika \u00f6ronformer.<\/p>\n<h3><span class=\"ez-toc-section\" id=\"Materialval\"><\/span>Materialval<span class=\"ez-toc-section-end\"><\/span><\/h3>\n<p>Materialen som anv\u00e4nds i <strong>AirPods Pro 3<\/strong> \u00e4r av h\u00f6g kvalitet, vilket bidrar till b\u00e5de h\u00e5llbarhet och estetik. Den mjuka silikonhuvuden ger inte bara en bekv\u00e4m passform utan hj\u00e4lper ocks\u00e5 till att skapa en t\u00e4t f\u00f6rsegling. Detta f\u00f6rb\u00e4ttrar b\u00e5de ljudisolering och brusreducering. Det eleganta utseendet g\u00f6r dem till ett stilfullt tillbeh\u00f6r.<\/p>\n<h3><span class=\"ez-toc-section\" id=\"Viktiga_Funktioner\"><\/span>Viktiga Funktioner<span class=\"ez-toc-section-end\"><\/span><\/h3>\n<p>En av de mest framst\u00e5ende funktionerna hos <strong>AirPods Pro 3<\/strong> \u00e4r den aktiva brusreduceringen, som effektivt blockerar o\u00f6nskat ljud. Dessutom erbjuder h\u00f6rlurarna en transparensl\u00e4ge som till\u00e5ter anv\u00e4ndaren att h\u00f6ra omgivande ljud n\u00e4r det beh\u00f6vs. Batteritiden \u00e4r ocks\u00e5 f\u00f6rb\u00e4ttrad och r\u00e4cker l\u00e4ngre, vilket g\u00f6r dem perfekta f\u00f6r daglig anv\u00e4ndning.<\/p>\n<h2><span class=\"ez-toc-section\" id=\"Ljudkvalitet\"><\/span>Ljudkvalitet<span class=\"ez-toc-section-end\"><\/span><\/h2>\n<h3><span class=\"ez-toc-section\" id=\"Horlursdrivrutiner\"><\/span>H\u00f6rlursdrivrutiner<span class=\"ez-toc-section-end\"><\/span><\/h3>\n<p>Med den senaste teknologin i <strong>AirPods Pro 3<\/strong> kan anv\u00e4ndarna f\u00f6rv\u00e4nta sig en \u00f6verl\u00e4gsen ljudupplevelse. Drivrutinerna \u00e4r optimerade f\u00f6r att ge ett klart och balanserat ljud. De h\u00f6gfrekventa tonerna \u00e4r tydligare, medan basen k\u00e4nns djupare och mer kraftfull. Det \u00e4r en idealisk l\u00f6sning f\u00f6r musik\u00e4lskare.<\/p>\n<h3><span class=\"ez-toc-section\" id=\"Brusreducering\"><\/span>Brusreducering<span class=\"ez-toc-section-end\"><\/span><\/h3>\n<p>Aktiv brusreducering i <strong>AirPods Pro 3<\/strong> g\u00f6r att anv\u00e4ndare kan st\u00e4nga ute st\u00f6rande ljud. Denna funktion g\u00f6r det m\u00f6jligt att njuta av musik och podcasts utan distraktioner. Anv\u00e4ndare kan ocks\u00e5 justera niv\u00e5erna av brusreducering f\u00f6r att passa deras preferenser. Detta ger en fullst\u00e4ndig kontroll \u00f6ver lyssningsupplevelsen.<\/p>\n<h3><span class=\"ez-toc-section\" id=\"Surroundljud\"><\/span>Surroundljud<span class=\"ez-toc-section-end\"><\/span><\/h3>\n<p>Surroundljud \u00e4r ytterligare en funktion som \u00e4r integrerad i <strong>AirPods Pro 3<\/strong>. Detta skapar en immersiv ljudupplevelse som \u00e4r perfekt f\u00f6r film och spel. Ljud\u00e5tergivningen \u00e4r dynamisk och v\u00e4ldigt realistisk, vilket ger en k\u00e4nsla av n\u00e4rvaro. Det \u00e4r en av de mest sp\u00e4nnande funktionerna, s\u00e4rskilt f\u00f6r multimedia-entusiaster.<\/p>\n<h2><span class=\"ez-toc-section\" id=\"Kompatibilitet_och_Anslutning\"><\/span>Kompatibilitet och Anslutning<span class=\"ez-toc-section-end\"><\/span><\/h2>\n<h3><span class=\"ez-toc-section\" id=\"Enkel_Anslutning\"><\/span>Enkel Anslutning<span class=\"ez-toc-section-end\"><\/span><\/h3>\n<p><strong>AirPods Pro 3<\/strong> erbjuder en s\u00f6ml\u00f6s anslutning till Apple-enheter. Med en snabb och stabil Bluetooth-anslutning kan anv\u00e4ndare enkelt v\u00e4xla mellan sina enheter. Det \u00e4r en stor f\u00f6rdel f\u00f6r dem som anv\u00e4nder flera apparater, oavsett om det handlar om iPhone eller Mac. Detta f\u00f6rb\u00e4ttrar anv\u00e4ndarupplevelsen avsev\u00e4rt.<\/p>\n<h3><span class=\"ez-toc-section\" id=\"App-Integration\"><\/span>App-Integration<span class=\"ez-toc-section-end\"><\/span><\/h3>\n<p>Genom Apples ekosystem kan <strong>AirPods Pro 3<\/strong> enkelt integreras med olika appar och funktioner. Det finns m\u00f6jligheter f\u00f6r anpassning genom den medf\u00f6ljande appen. Anv\u00e4ndare kan justera inst\u00e4llningar f\u00f6r ljud, aktiv brusreducering och mer. Denna integration ger en smidig och personlig anv\u00e4ndarupplevelse.<\/p>\n<h3><span class=\"ez-toc-section\" id=\"Overensstammelse_med_Andra_Enheter\"><\/span>\u00d6verensst\u00e4mmelse med Andra Enheter<span class=\"ez-toc-section-end\"><\/span><\/h3>\n<p>Trots att de \u00e4r optimerade f\u00f6r Apple-enheter erbjuder <strong>AirPods Pro 3<\/strong> ocks\u00e5 st\u00f6d f\u00f6r andra m\u00e4rken. Anv\u00e4ndare kan koppla dem till Android-telefoner och andra Bluetooth-enheter. Detta inneb\u00e4r att de \u00e4r m\u00e5ngsidiga och flexibla, vilket g\u00f6r dem till ett utm\u00e4rkt val f\u00f6r m\u00e5nga anv\u00e4ndare.<\/p>\n<h2><span class=\"ez-toc-section\" id=\"Pris_och_Tillganglighet\"><\/span>Pris och Tillg\u00e4nglighet<span class=\"ez-toc-section-end\"><\/span><\/h2>\n<h3><span class=\"ez-toc-section\" id=\"Kostnadsfordelar\"><\/span>Kostnadsf\u00f6rdelar<span class=\"ez-toc-section-end\"><\/span><\/h3>\n<p><strong>AirPods Pro 3<\/strong> pris kan ses som en investering f\u00f6r kvalitet och prestanda. J\u00e4mf\u00f6rt med andra premiumh\u00f6rlurar i samma kategori, finns det m\u00e5nga f\u00f6rdelar som v\u00e4ger upp kostnaden. Det \u00e4r viktigt att \u00f6verv\u00e4ga l\u00e5ngsiktiga f\u00f6rdelar och hur mycket man kommer att anv\u00e4nda dem. F\u00f6r m\u00e5nga \u00e4r prislappen v\u00e4l v\u00e4rd.<\/p>\n<h3><span class=\"ez-toc-section\" id=\"Tillganglighet\"><\/span>Tillg\u00e4nglighet<span class=\"ez-toc-section-end\"><\/span><\/h3>\n<p>De senaste <strong>AirPods Pro 3<\/strong> finns tillg\u00e4ngliga hos m\u00e5nga \u00e5terf\u00f6rs\u00e4ljare och online butiker. Det har blivit enklare att k\u00f6pa dem tack vare den breda distributionen. M\u00e5nga erbjudanden och kampanjer kan ocks\u00e5 g\u00f6ra dem mer \u00f6verkomliga. Det \u00e4r alltid en bra id\u00e9 att j\u00e4mf\u00f6ra priser innan man k\u00f6per.<\/p>\n<h3><span class=\"ez-toc-section\" id=\"Framtidsutsikter\"><\/span>Framtidsutsikter<span class=\"ez-toc-section-end\"><\/span><\/h3>\n<p>Med den senaste teknologin bakom <strong>AirPods Pro 3<\/strong> finns det stora f\u00f6rv\u00e4ntningar p\u00e5 framtida uppdateringar och f\u00f6rb\u00e4ttringar. Apple forts\u00e4tter att utveckla sina produkter f\u00f6r att m\u00f6ta anv\u00e4ndarnas krav. Det \u00e4r en sp\u00e4nnande framtid f\u00f6r tr\u00e5dl\u00f6sa h\u00f6rlurar och teknologi i allm\u00e4nhet.<\/p>\n<p>F\u00f6r mer information om h\u00f6rlurar och ljudteknologi, kolla in <a href=\"https:\/\/sv.wikipedia.org\/wiki\/H%C3%B6rlur\" target=\"_blank\" rel=\"noopener\">Wikipedia<\/a> eller bes\u00f6k <a href=\"https:\/\/www.apple.com\/se\/airpods-pro\/\" target=\"_blank\" rel=\"noopener\">Apple&#8217;s officiella hemsida<\/a>. Dessutom kan du l\u00e4sa mer om ljudteknologi p\u00e5 <a href=\"https:\/\/www.techradar.com\/\" target=\"_blank\" rel=\"noopener\">TechRadar<\/a>.<\/p>\n<h2><span class=\"ez-toc-section\" id=\"AirPods_Pro_3_Innovativ_Ljudteknik\"><\/span>AirPods Pro 3: Innovativ Ljudteknik<span class=\"ez-toc-section-end\"><\/span><\/h2>\n<h2><span class=\"ez-toc-section\" id=\"Design_och_Anvandarvanlighet\"><\/span>Design och Anv\u00e4ndarv\u00e4nlighet<span class=\"ez-toc-section-end\"><\/span><\/h2>\n<p>Den nyaste generationen av <strong>AirPods Pro 3<\/strong> har en elegant och ergonomisk design. Enligt rapporter \u00e4r de moderna h\u00f6rlurarna utformade f\u00f6r att passa perfekt i \u00f6rat under l\u00e4ngre lyssningssessioner. Det \u00e4r viktigt att en <strong>bra passform<\/strong> bidrar till b\u00e5de komfort och ljudkvalitet. Med olika storlekar av silikonproppar f\u00e5r anv\u00e4ndare m\u00f6jlighet att skr\u00e4ddarsy sin upplevelse.<\/p>\n<p>En ny och anv\u00e4ndarv\u00e4nlig kontrollpanel g\u00f6r det enklare att styra ljudet. Tryck- och svepgester g\u00f6r det m\u00f6jligt f\u00f6r anv\u00e4ndarna att byta l\u00e5tar, justera volym och aktivera r\u00f6stassistenter. Denna funktionalitet \u00e4r en stor f\u00f6rb\u00e4ttring j\u00e4mf\u00f6rt med tidigare modeller. Med <strong>AirPods Pro 3<\/strong> kan upplevelsen anpassas utifr\u00e5n individuella preferenser.<\/p>\n<p>Batteritiden f\u00f6r <strong>AirPods Pro 3<\/strong> \u00e4r ocks\u00e5 anm\u00e4rkningsv\u00e4rd. Med flera timmars lyssning kan de anv\u00e4ndas under hela dagen utan att beh\u00f6va laddas. N\u00e4r det \u00e4r dags att ladda, sker det enkelt med den medf\u00f6ljande laddningscase. Anv\u00e4ndare uppskattar hur bekv\u00e4mt det \u00e4r att ha med sig sina h\u00f6rlurar.<\/p>\n<p>Sammanfattningsvis har design och funktionalitet av <strong>AirPods Pro 3<\/strong> blivit framtagen med tanke p\u00e5 anv\u00e4ndarens behov. Det \u00e4r ingen \u00f6verraskning att dessa h\u00f6rlurar har blivit s\u00e5 popul\u00e4ra. Bes\u00f6k g\u00e4rna <a href=\"https:\/\/sv.wikipedia.org\/wiki\/Apple\" target=\"_blank\" rel=\"noopener\">Wikipedia<\/a> f\u00f6r mer information om Apple och deras produkter.<\/p>\n<h3><span class=\"ez-toc-section\" id=\"Material_och_Byggkvalitet\"><\/span>Material och Byggkvalitet<span class=\"ez-toc-section-end\"><\/span><\/h3>\n<p>Materialvalet i <strong>AirPods Pro 3<\/strong> \u00e4r av h\u00f6gsta kvalitet, vilket s\u00e4kerst\u00e4ller h\u00e5llbarhet. Denna aspekt \u00e4r avg\u00f6rande f\u00f6r l\u00e5ngvarig anv\u00e4ndning. De \u00e4r konstruerade f\u00f6r att klara av dagligt slitage, vilket g\u00f6r dem till en investering. Anv\u00e4ndare har rapporterat om hur dessa h\u00f6rlurar klarar av olika milj\u00f6er bra.<\/p>\n<p>Byggkvaliteten av <strong>AirPods Pro 3<\/strong> \u00e4r ocks\u00e5 i fokus, med en robust k\u00e4nsla men \u00e4nd\u00e5 l\u00e4ttviktig. Detta balanserar komfort och funktionalitet perfekt. Den slimmade designen g\u00f6r dem l\u00e4tta att b\u00e4ra i fickor eller v\u00e4skor. I b\u00e5de stil och funktion \u00e4r de sv\u00e5ra att \u00f6vertr\u00e4ffa.<\/p>\n<p>Perspektivet p\u00e5 hur <strong>AirPods Pro 3<\/strong> \u00e4r byggda har tagit h\u00e4nsyn till b\u00e5de ljudisolering och passform. Det minskar o\u00f6nskad bakgrundsljud och f\u00f6rb\u00e4ttrar lyssnarens upplevelse. Materialen bidrar till att f\u00f6rb\u00e4ttra ljudet genom att minska st\u00f6rningar utifr\u00e5n. F\u00f6r mer information om ljudteknologi, bes\u00f6k <a href=\"https:\/\/sv.wikipedia.org\/wiki\/Ljudteknik\" target=\"_blank\" rel=\"noopener\">Wikipedia<\/a>.<\/p>\n<h3><span class=\"ez-toc-section\" id=\"Funktioner_och_Teknik\"><\/span>Funktioner och Teknik<span class=\"ez-toc-section-end\"><\/span><\/h3>\n<p>Innovative funktioner i <strong>AirPods Pro 3<\/strong> inkluderar aktiv brusreducering och transparensl\u00e4ge. Dessa alternativ ger anv\u00e4ndare m\u00f6jlighet att njuta av h\u00f6g ljudkvalitet. Aktiva mikrofoner arbetar f\u00f6r att filtrera bort o\u00f6nskat ljud i omgivningen. Genom att enkelt v\u00e4xla mellan l\u00e4gen kan man njuta av b\u00e4sta m\u00f6jliga ljud.<\/p>\n<p>Integration med Apples ekosystem har f\u00f6rb\u00e4ttrats, vilket underl\u00e4ttar s\u00f6ml\u00f6s anslutning till andra Apple-enheter. Med <strong>airpods pro 3<\/strong> kan anv\u00e4ndare enkelt byta mellan iPhone, iPad och MacBook. Denna funktion \u00e4r en stor f\u00f6rdel f\u00f6r dem som \u00e4r djupt integrerade i Apple-v\u00e4rlden.<\/p>\n<p>Flera anpassningar g\u00e5r att g\u00f6ra genom en tillh\u00f6rande app, vilket ger anv\u00e4ndare full kontroll \u00f6ver sina <strong>AirPods Pro 3<\/strong>. Anv\u00e4ndare kan justera ljudinst\u00e4llningar och aktivera olika funktioner med n\u00e5gra enkla tryck. Bes\u00f6k g\u00e4rna <a href=\"https:\/\/www.apple.com\/se\/airpods-pro\" target=\"_blank\" rel=\"noopener\">Apple<\/a> f\u00f6r mer information om dessa funktioner.<\/p>\n<h3><span class=\"ez-toc-section\" id=\"Ljudkvalitet_och_Prestanda\"><\/span>Ljudkvalitet och Prestanda<span class=\"ez-toc-section-end\"><\/span><\/h3>\n<p>Ljudkvaliteten hos <strong>AirPods Pro 3<\/strong> ska inte underskattas. Med skr\u00e4ddarsydda element och avancerad ljudteknik, erbjuder de en upplevelse i toppklass. M\u00e5nga anv\u00e4ndare ber\u00f6mmer den klara diskanten och djupa basen. Detta skapar en mer d\u00e4r-upplevelse med musik och ljud.<\/p>\n<p>Prestandan hos dessa h\u00f6rlurar \u00e4r j\u00e4mf\u00f6rbar med professionella ljudprodukter. En stabil bluetooth-anslutning s\u00e4kerst\u00e4ller att ljudet \u00e4r konsekvent och av h\u00f6g kvalitet. Med <strong>AirPods Pro 3<\/strong>, f\u00e5r man en b\u00e4ttre och mer engagerande lyssnarupplevelse, oavsett genren. <\/p>\n<p>\u00c4ven under aktiviteter med h\u00f6g intensitet, f\u00f6rblir ljudkvaliteten stabil. Detta \u00e4r en stor f\u00f6rdel f\u00f6r aktiva anv\u00e4ndare. M\u00e5nga rapporterar ocks\u00e5 om hur de fungerar utm\u00e4rkt under telefonsamtal. Det g\u00f6r dem till ett m\u00e5ngsidigt val f\u00f6r b\u00e5de arbete och fritid.<\/p>\n<h2><span class=\"ez-toc-section\" id=\"Jamforelse_med_Tidigare_Modeller\"><\/span>J\u00e4mf\u00f6relse med Tidigare Modeller<span class=\"ez-toc-section-end\"><\/span><\/h2>\n<p>N\u00e4r vi j\u00e4mf\u00f6r <strong>AirPods Pro 3<\/strong> med sina f\u00f6reg\u00e5ngare \u00e4r det tydligt att f\u00f6rb\u00e4ttringarna \u00e4r betydande. B\u00e4ttre ljudteknik och fler funktioner g\u00f6r dem mer attraktiva f\u00f6r konsumenter. Under test har <strong>AirPods Pro 3<\/strong> visat sig ha l\u00e4ngre batteritid \u00e4n tidigare modeller. Det \u00e4r en m\u00e4rkbar skillnad som m\u00e5nga anv\u00e4ndare uppskattar.<\/p>\n<p>Designm\u00e4ssigt har det ocks\u00e5 skett en uppgradering. De senaste h\u00f6rlurarna \u00e4r mer eleganta och prisv\u00e4rda. \u00d6kad komfort g\u00f6r dem mer anv\u00e4ndbara under l\u00e4ngre perioder. F\u00f6reg\u00e5ende versioner hade ibland problem med passform, vilket knappast \u00e4r fallet med <strong>AirPods Pro 3<\/strong>.<\/p>\n<p>Brusreducerande teknologin har f\u00f6rb\u00e4ttrats avsev\u00e4rt. Anv\u00e4ndare kan njuta av en mer koncentrerad ljudupplevelse. Skillnaden i ljudkvalitet \u00e4r m\u00e4rkbar, och det \u00e4r n\u00e5got m\u00e5nga experter \u00e4r \u00f6verens om. F\u00f6r fler detaljer om h\u00f6rlursutveckling, bes\u00f6k g\u00e4rna <a href=\"https:\/\/sv.wikipedia.org\/wiki\/H%C3%B6rlurar\" target=\"_blank\" rel=\"noopener\">Wikipedia<\/a>.<\/p>\n<p>Sammanfattningsvis ser vi att <strong>AirPods Pro 3<\/strong> erbjuder en komplett uppgradering. Dessa h\u00f6rlurar kombinerar stil, funktion och kvalitet p\u00e5 ett imponerande s\u00e4tt. Med v\u00e5rt v\u00e4xande fokus p\u00e5 ljudteknologi kan n\u00e4sta generation bli \u00e4nnu b\u00e4ttre.<\/p>\n<h3><span class=\"ez-toc-section\" id=\"Anvandarrecensioner_och_Feedback\"><\/span>Anv\u00e4ndarrecensioner och Feedback<span class=\"ez-toc-section-end\"><\/span><\/h3>\n<p>Feedback fr\u00e5n anv\u00e4ndare visar att <strong>AirPods Pro 3<\/strong> har f\u00e5tt positiva omd\u00f6men. M\u00e5nga uppskattar justeringen av ljudkvaliteten och den intuitiva kontrollen. Recensioner betonar \u00e4ven hur bra de fungerar vid samtal och musiklyssning. Med en \u00f6kad funktionalitet, verkar dessa h\u00f6rlurar f\u00e5nga anv\u00e4ndarnas hj\u00e4rtan.<\/p>\n<p>Anv\u00e4ndare p\u00e5 sociala medier och tech-forum lyfter fram sin upplevelse av <strong>AirPods Pro 3<\/strong>. M\u00e5nga rapporterar om f\u00f6rb\u00e4ttrad ljudisolering och hur effektiva de \u00e4r vid reseanv\u00e4ndning. Det \u00e4r tydligt att dessa h\u00f6rlurar har tilltalat en bred publik. Grundaren av en popul\u00e4r teknikblogg gav dem h\u00f6gsta betyg.<\/p>\n<p>\u00c5terkopplingen tyder p\u00e5 att <strong>AirPods Pro 3<\/strong> uppfyller f\u00f6rv\u00e4ntningar s\u00e5v\u00e4l som behov. Med sina \u00f6verl\u00e4gsna anslutningsm\u00f6jligheter, \u00e4r dessa ett idealiskt val f\u00f6r Apple-anv\u00e4ndare. Den v\u00e4xande populariteten g\u00f6r dem till en ledande produkt p\u00e5 marknaden f\u00f6r tr\u00e5dl\u00f6sa h\u00f6rlurar.<\/p>\n<h3><span class=\"ez-toc-section\" id=\"Tillganglighet_och_Prissattning\"><\/span>Tillg\u00e4nglighet och Priss\u00e4ttning<span class=\"ez-toc-section-end\"><\/span><\/h3>\n<p>Priss\u00e4ttningen f\u00f6r <strong>AirPods Pro 3<\/strong> har blivit ett \u00e4mne f\u00f6r diskussion. M\u00e5nga anser att kvalitetsprodukter ska kosta, och dessa h\u00f6rlurar bevisar det. D\u00e4rf\u00f6r ses de ibland som en investering snarare \u00e4n ett ink\u00f6p. Det finns olika \u00e5terf\u00f6rs\u00e4ljare som erbjuder specialerbjudanden.<\/p>\n<p>Tillg\u00e4nglighet \u00e4r ocks\u00e5 en viktig aspekt av produkten. I m\u00e5nga l\u00e4nder kan <strong>AirPods Pro 3<\/strong> hittas i b\u00e5de fysiska butiker och online. Eftersom efterfr\u00e5gan \u00e4r h\u00f6g, \u00e4r det smart att f\u00f6lja upp olika erbjudanden. M\u00e5nga teknik\u00e4lskare h\u00e5ller utkik f\u00f6r att f\u00e5 b\u00e4sta pris.<\/p>\n<p>Det \u00e4r alltid bra att kontrollera officiella webbplatser f\u00f6r aktuella priser och kampanjer. P\u00e5 <a href=\"https:\/\/www.apple.com\/se\/airpods-pro\" target=\"_blank\" rel=\"noopener\">Apple<\/a>:s hemsida kan man f\u00e5 den mest korrekta informationen. Att vara smart i sin priss\u00e4ttning kan leda till att man f\u00e5r mer v\u00e4rde f\u00f6r sina pengar.<\/p>\n<h3><span class=\"ez-toc-section\" id=\"Kundsupport_och_Garanti\"><\/span>Kundsupport och Garanti<span class=\"ez-toc-section-end\"><\/span><\/h3>\n<p>Kundsupporten f\u00f6r <strong>AirPods Pro 3<\/strong> har ocks\u00e5 f\u00e5tt positiva recensioner. Apple \u00e4r k\u00e4nt f\u00f6r att ha en effektiv och lyh\u00f6rd kundtj\u00e4nst. Om det skulle uppst\u00e5 problem med produkten finns hj\u00e4lp att f\u00e5. Garantivillkoren ger trygghet f\u00f6r k\u00f6pare av dessa h\u00f6rlurar.<\/p>\n<p>Att k\u00f6pa <strong>AirPods Pro 3<\/strong> inneb\u00e4r ocks\u00e5 att du f\u00e5r tillg\u00e5ng till Apples ekosystem av supporttj\u00e4nster. Det inkluderar m\u00f6jlighet att f\u00e5 hj\u00e4lp via chatt eller telefon. M\u00e5nga anv\u00e4ndare betonar hur snabbt deras fr\u00e5gor besvaras, oavsett vilket \u00e4rende det r\u00f6r sig om.<\/p>\n<p>Med tanke p\u00e5 den digitala tids\u00e5ldern \u00e4r tyst st\u00f6d ocks\u00e5 v\u00e4rt att n\u00e4mna. Onlineforum ger anv\u00e4ndare m\u00f6jligheten att hitta svar p\u00e5 egna fr\u00e5gor. M\u00e5nga diskussioner r\u00f6r just <strong>AirPods Pro 3<\/strong>, vilket g\u00f6r dem till ett popul\u00e4rt \u00e4mne.<\/p>\n<h2><span class=\"ez-toc-section\" id=\"AirPods_Pro_3_En_Djupdykning\"><\/span>AirPods Pro 3: En Djupdykning<span class=\"ez-toc-section-end\"><\/span><\/h2>\n<h2><span class=\"ez-toc-section\" id=\"Kompatibilitet_och_Anslutningar\"><\/span>Kompatibilitet och Anslutningar<span class=\"ez-toc-section-end\"><\/span><\/h2>\n<p>Den nya generationen av <strong>AirPods Pro 3<\/strong> \u00e4r designad f\u00f6r att vara fullt kompatibel med flera enheter. Apple har s\u00e4kerst\u00e4llt att dessa h\u00f6rlurar fungerar s\u00f6ml\u00f6st med iPhone, iPad och Mac. Genom att anv\u00e4nda Bluetooth 5.0 kan de enkelt kopplas till andra enheter f\u00f6r en b\u00e4ttre upplevelse. Det betyder att anv\u00e4ndare f\u00e5r tillg\u00e5ng till h\u00f6gre \u00f6verf\u00f6ringshastighet och f\u00f6rb\u00e4ttrad r\u00e4ckvidd.<\/p>\n<p>Vid anv\u00e4ndning med Apple-enheter ges \u00e4ven st\u00f6d f\u00f6r H1-chipet. Detta chip g\u00f6r att <strong>AirPods Pro 3<\/strong> kan kopplas i ett nafs och uppr\u00e4tth\u00e5lla stabila anslutningar. F\u00f6r anv\u00e4ndare av Android-enheter kan h\u00f6rlurarna ocks\u00e5 ansluta, \u00e4ven om vissa funktioner kan vara begr\u00e4nsade. Anv\u00e4ndare kan f\u00f6rv\u00e4nta sig en bra ljudkvalitet oavsett enhet.<\/p>\n<p>Med den nya uppgraderingen f\u00f6retag har lagt vikt vid anslutningens stabilitet. Olika milj\u00f6er med m\u00e5nga enheter kan p\u00e5verka uppkopplingen, men <strong>AirPods Pro 3<\/strong> hanterar detta v\u00e4l. \u00c4ven vid multitasking med flera appar \u00f6ppna, f\u00f6rblir anslutningen strulfri och effektiv.<\/p>\n<p>F\u00f6r en mer s\u00f6ml\u00f6s upplevelse kan anv\u00e4ndare anv\u00e4nda iCloud f\u00f6r att synkronisera sina <strong>AirPods Pro 3<\/strong> \u00f6ver hela sitt Apple-ekosystem. Det inneb\u00e4r att h\u00f6rlurarna enkelt g\u00e5r att v\u00e4xla mellan olika enheter utan risk f\u00f6r f\u00f6rlorad anslutning, vilket \u00e4r en stor f\u00f6rdel f\u00f6r anv\u00e4ndare med flera enheter.<\/p>\n<h3><span class=\"ez-toc-section\" id=\"Bluetooth-teknologi\"><\/span>Bluetooth-teknologi<span class=\"ez-toc-section-end\"><\/span><\/h3>\n<p>Bluetooth-teknologin i <strong>AirPods Pro 3<\/strong> \u00e4r en viktig faktor f\u00f6r dess funktionalitet. Den erbjuder snabbare koppling och stabilare lyssningsupplevelse. Genom att anv\u00e4nda Bluetooth 5.0 har Apple kunnat \u00f6ka r\u00e4ckvidden och minska energif\u00f6rbrukningen. Detta g\u00f6r det m\u00f6jligt f\u00f6r anv\u00e4ndare att lyssna l\u00e4ngre utan att beh\u00f6va ladda.<\/p>\n<p>Den nyare bluetooth-versionen \u00e4r inte bara snabbare utan den st\u00f6der ocks\u00e5 en st\u00f6rre m\u00e4ngd data. Det inneb\u00e4r att kvaliteten p\u00e5 ljud\u00f6verf\u00f6ringen f\u00f6rb\u00e4ttras, vilket g\u00f6r lyssning p\u00e5 musik och podcasts mer njutbart. F\u00f6r dem som anv\u00e4nder flera enheter \u00e4r detta en stor f\u00f6rdel.<\/p>\n<p>Den smidiga Bluetooth-anslutningen g\u00f6r att du enkelt kan v\u00e4xla mellan musik och telefonsamtal. Med <strong>AirPods Pro 3<\/strong> f\u00e5r du en s\u00f6ml\u00f6s upplevelse oberoende av vilken aktivitet du \u00e4r engagerad i. Att kunna snabbt svara p\u00e5 samtal utan att beh\u00f6va plocka upp telefonen \u00e4r ett stort plus.<\/p>\n<h3><span class=\"ez-toc-section\" id=\"Kompatibla_Enheter\"><\/span>Kompatibla Enheter<span class=\"ez-toc-section-end\"><\/span><\/h3>\n<p>I dag \u00e4r m\u00e5nga enheter kompatibla med <strong>AirPods Pro 3<\/strong>. De \u00e4r designade f\u00f6r att fungera perfekt med Apple-produkter som iPhone, iPad och Apple Watch. Anv\u00e4ndning med dessa enheter ger tillg\u00e5ng till specialfunktioner som automatiska anslutningar och r\u00f6stassistent.<\/p>\n<p>Men de fungerar ocks\u00e5 bra med Android-enheter, vilket g\u00f6r att fler anv\u00e4ndare kan njuta av h\u00f6rlurarnas prestanda. Fast\u00e4n vissa funktioner kan begr\u00e4nsas, rekommenderar m\u00e5nga att prova dem med olika smartphones. Det \u00e4r ist\u00e4llet ljudkvalitet och passform som \u00e4r helt centralt.<\/p>\n<p>\u00c4ven b\u00e4rbara datorer och tablettdatorer kan dra nytta av <strong>AirPods Pro 3<\/strong>. Anv\u00e4ndare kan arbeta, spela och lyssna p\u00e5 musik med exceptionell ljudkvalitet l\u00f6sningar oavsett var de befinner sig. Detta g\u00f6r dem till ett flexibelt alternativ f\u00f6r de som st\u00e4ndigt \u00e4r p\u00e5 spr\u00e5ng.<\/p>\n<h3><span class=\"ez-toc-section\" id=\"Hur_Ansluter_Man\"><\/span>Hur Ansluter Man?<span class=\"ez-toc-section-end\"><\/span><\/h3>\n<p><\/p>\n<div id='video-container' data-video-id='KFfS1OVg2x8' style='width:100%; height:auto; max-width:587px; position: relative;'>\n<div class='image-video-plugin' style='background:url(\"https:\/\/img.youtube.com\/vi\/KFfS1OVg2x8\/0.jpg\") center no-repeat; background-size: cover;'><\/div>\n<p>        <span class='youtube-play-button'><\/span><br \/>\n        <noscript><a href=\"https:\/\/www.youtube.com\/watch?v=KFfS1OVg2x8\" target=\"_blank\" rel=\"noopener\">Play on YouTube<\/a><\/noscript>\n    <\/div>\n<p><\/p>\n<p>Ansluta din <strong>AirPods Pro 3<\/strong> \u00e4r en enkel process. F\u00f6r Apple-enheter, \u00f6ppna bara fodralet medan enheten \u00e4r i n\u00e4rheten. D\u00e5 dyker en popup-f\u00f6nster upp f\u00f6r att genomf\u00f6ra anslutningen. Detta g\u00f6r att du kan b\u00f6rja anv\u00e4nda h\u00f6rlurarna p\u00e5 bara n\u00e5gra sekunder.<\/p>\n<p>F\u00f6r Android-enheter, \u00f6ppna bluetooth-inst\u00e4llningarna, tryck p\u00e5 din <strong>AirPods Pro 3<\/strong> och koppla dem, precis som med vilket annat bluetooth- tillbeh\u00f6r som helst. Detta har blivit en standardprocess och g\u00f6r det enkelt \u00e4ven f\u00f6r nya anv\u00e4ndare att komma ig\u00e5ng.<\/p>\n<p>Det \u00e4r ocks\u00e5 viktigt att se till att dina h\u00f6rlurar \u00e4r uppdaterade. Genom att kontrollera inst\u00e4llningarna i din Apple-enhet kan du enkelt h\u00e5lla dem aktuella. Med nya uppdateringar kan ljudkvaliteten och andra funktioner f\u00f6rb\u00e4ttras \u00f6ver tid.<\/p>\n<h2><span class=\"ez-toc-section\" id=\"Design_och_Ergonomi\"><\/span>Design och Ergonomi<span class=\"ez-toc-section-end\"><\/span><\/h2>\n<p>Den ergonomiska designen hos <strong>AirPods Pro 3<\/strong> g\u00f6r dem bekv\u00e4ma att anv\u00e4nda under l\u00e4ngre perioder. Med en smart och mjuk passform minimeras obehag, vilket \u00e4r en av de mest uppskattade funktionerna. De \u00e4r l\u00e4tta och designade f\u00f6r att passa i \u00f6ronen utan att k\u00e4nnas klumpiga.<\/p>\n<p>Materialvalet \u00e4r ocks\u00e5 av h\u00f6gsta kvalitet. H\u00f6rlurarna \u00e4r inte bara stiliga, men de \u00e4r ocks\u00e5 byggda f\u00f6r att motst\u00e5 det dagliga slitet. Dessutom g\u00e5r de att f\u00e5 i olika f\u00e4rger s\u00e5 att anv\u00e4ndarna kan v\u00e4lja en stil som passar dem. Med en modern estetik \u00e4r de en modeaccessoar i sig.<\/p>\n<p>De nya komfortfunktionerna ger m\u00f6jlighet att byta \u00f6rontoppar. [Flera storlekar ing\u00e5r], vilket g\u00f6r att alla kan hitta en perfekt passform. Genom att uppgradera konstruktionen har Apple f\u00f6rb\u00e4ttrat den \u00f6vergripande upplevelsen av att b\u00e4ra <strong>AirPods Pro 3<\/strong>.<\/p>\n<p>Genom att kombinera stil och funktionalitet har Apple skapat h\u00f6rlurar som tilltalar de flesta anv\u00e4ndare. <strong>AirPods Pro 3<\/strong> \u00e4r inte bara ett val av ljudutrustning, utan \u00e4ven ett funktionellt modeuttryck. Passformen tillsammans med den smidiga designen g\u00f6r dem tillg\u00e4ngliga f\u00f6r alla.<\/p>\n<h3><span class=\"ez-toc-section\" id=\"Materialval-2\"><\/span>Materialval<span class=\"ez-toc-section-end\"><\/span><\/h3>\n<p><strong>AirPods Pro 3<\/strong> \u00e4r tillverkade av h\u00f6gkvalitativa och h\u00e5llbara material. detta s\u00e4kerst\u00e4ller b\u00e5de komfort och l\u00e5ngvarig anv\u00e4ndning. Med noggrant utvalda komponenter har Apple lyckats minska vikten samtidigt som h\u00e5llbarheten bibeh\u00e5lls. Detta g\u00f6r dem perfekta f\u00f6r daglig anv\u00e4ndning.<\/p>\n<p>Materialen \u00e4r \u00e4ven luktfria och hypoallergena, vilket g\u00f6r dem l\u00e4mpliga f\u00f6r anv\u00e4ndare med k\u00e4nslig hud. B\u00e5de \u00f6rontoppar och \u00f6ronproppar \u00e4r designade med anv\u00e4ndarens komfort i \u00e5tanke. \u00c4ven vid l\u00e5nga lyssningssessioner stannar komforten h\u00f6g.<\/p>\n<p>Genom att anv\u00e4nda avancerade material kan de ocks\u00e5 st\u00e5 emot vatten och svett. Anv\u00e4ndare kan jogga eller tr\u00e4na med dem utan att beh\u00f6va oroa sig f\u00f6r skador. Funktioner som dessa \u00f6kar deras m\u00e5ngsidighet, vilket g\u00f6r att de \u00e4r idealiska f\u00f6r aktiva anv\u00e4ndare.<\/p>\n<h3><span class=\"ez-toc-section\" id=\"Ergonomisk_Passform\"><\/span>Ergonomisk Passform<span class=\"ez-toc-section-end\"><\/span><\/h3>\n<p>Den ergonomiska designen i <strong>AirPods Pro 3<\/strong> s\u00e4kerst\u00e4ller att de sitter s\u00e4kert i \u00f6rat. De \u00e4r utformade f\u00f6r att minimera ljudl\u00e4ckage och f\u00f6rb\u00e4ttra lyssningsupplevelsen. Genom att skapa en t\u00e4t passform kan anv\u00e4ndare njuta av ljud med maximal kvalitet och minimal st\u00f6rning.<\/p>\n<p>Den nya uppgraderingen av \u00f6rontoppar ger \u00e4nnu b\u00e4ttre anpassning. Detta g\u00f6r det m\u00f6jligt f\u00f6r anv\u00e4ndarna att enkelt byta mellan olika storlekar f\u00f6r perfekt passform. En optimal sigill minimerar st\u00f6rningar fr\u00e5n omgivande ljud och f\u00f6rb\u00e4ttrar ljudkvalitet.<\/p>\n<p>Oavsett om du lyssnar p\u00e5 musik eller deltar i telefonsamtal, \u00e4r passformen avg\u00f6rande f\u00f6r att f\u00e5 ut det mesta av <strong>AirPods Pro 3<\/strong>. Den stabila passformen underl\u00e4ttar anv\u00e4ndning och minskar risken f\u00f6r att de ramlar ut n\u00e4r du \u00e4r aktiv, vilket ger \u00f6kat sj\u00e4lvf\u00f6rtroende.&#8221; <\/p>\n<h3><span class=\"ez-toc-section\" id=\"Estetiska_Val\"><\/span>Estetiska Val<span class=\"ez-toc-section-end\"><\/span><\/h3>\n<p>Estetiska val \u00e4r viktiga f\u00f6r m\u00e5nga anv\u00e4ndare av <strong>AirPods Pro 3<\/strong>. Apple erbjuder olika f\u00e4rgval vilket g\u00f6r att h\u00f6rlurarna kan anpassas till personlig stil. Att ha modern ljudutrustning handlar \u00e4ven om att den ska se bra ut.<\/p>\n<p>Oavsett om du befinner dig p\u00e5 gymmet eller kontoret, kommer designen att komplementera din stil. Generellt \u00e4r de subtila men \u00e4nd\u00e5 stiliga, vilket g\u00f6r att de passar in i m\u00e5nga olika milj\u00f6er. Detta g\u00f6r dem attraktiva f\u00f6r b\u00e5de den yngre publiken och yrkesarbetande.<\/p>\n<p>Att ha m\u00f6jlighet att uttrycka sig genom sina val av teknik \u00e4r viktigt. Med den eleganta designen kan anv\u00e4ndare f\u00e5 den teknik de \u00e4lskar utan att f\u00f6rlora sin stil. Det \u00e4r just detta som g\u00f6r <strong>AirPods Pro 3<\/strong> s\u00e5 eftertraktade p\u00e5 marknaden.<\/p>\n<h2><span class=\"ez-toc-section\" id=\"Prestanda_och_Funktioner\"><\/span>Prestanda och Funktioner<span class=\"ez-toc-section-end\"><\/span><\/h2>\n<p>Prestandan hos <strong>AirPods Pro 3<\/strong> \u00e4r betydande och ger anv\u00e4ndare en n\u00e4ra och personlig ljudupplevelse. Genom att implementera nya teknologier kan de leverera h\u00f6g ljudkvalitet oavsett typ av inneh\u00e5ll. Ljudet \u00e4r fylligt och med bra bas, vilket g\u00f6r alla musikgenrer njutbara.<\/p>\n<p>En unik funktion \u00e4r den aktiva brusreduceringen. Detta inneb\u00e4r att externa ljud blockeras ut f\u00f6r en b\u00e4ttre lyssningsupplevelse. Anv\u00e4ndare kan fokusera p\u00e5 vad de lyssnar p\u00e5 utan att distraheras av omgivande ljud. Det h\u00e4r g\u00f6r dem oers\u00e4ttliga n\u00e4r man reser eller befinner sig p\u00e5 bullriga platser.<\/p>\n<p>De nya <strong>AirPods Pro 3<\/strong> har \u00e4ven en transperent l\u00e4ge som g\u00f6r att du kan h\u00f6ra omgivningen n\u00e4r det beh\u00f6vs. Genom ett enkelt touch kan anv\u00e4ndare v\u00e4xla mellan brusreducering och transperent l\u00e4ge, vilket ger maximal kontroll \u00f6ver lyssningsupplevelsen. Det \u00e4r en funktion som uppskattas av m\u00e5nga.<\/p>\n<p>Med l\u00e5ng batteritid erbjuder h\u00f6rlurarna flera timmar av n\u00f6je innan de beh\u00f6ver laddas.enskapsmodeller som <strong>AirPods Pro 3<\/strong> har visat sig klarar av att h\u00e5lla sig starka genom flera timmars musiklyssning och telefonsamtal. Det ger k\u00e4nslan av trygghet att veta att de klarar av en hel dag.<\/p>\n<h3><span class=\"ez-toc-section\" id=\"Ljudkvalitet-2\"><\/span>Ljudkvalitet<span class=\"ez-toc-section-end\"><\/span><\/h3>\n<p>Ljudkvaliteten hos <strong>AirPods Pro 3<\/strong> \u00e4r oftast ett huvudsk\u00e4l till varf\u00f6r m\u00e5nga v\u00e4ljer dem. Med Beats Audio-teknologi har ljudet utvecklats och f\u00f6rb\u00e4ttrats, vilket ger ett klart och balanserat ljud. Anv\u00e4ndare kan f\u00f6rv\u00e4nta sig ett brett ljudlandskap, oavsett vad de lyssnar p\u00e5.<\/p>\n<p>Den nya algoritmen i ljudsystemet hj\u00e4lper till att finjustera ljudbilden. Det resulterar i att varje ton l\u00e5ter ren och tydlig, oavsett popularitet eller genrer. S\u00e5ngerna l\u00e5ter b\u00e4ttre \u00e4n n\u00e5gonsin, tack vare detta uppgraderade ljudsystem.<\/p>\n<p>Den v\u00e4l avv\u00e4gda basen ger dessutom ett extra lager av njutning. M\u00e5nga anv\u00e4ndare uppger att de aldrig tidigare har upplevt liknande klarhet och styrka fr\u00e5n h\u00f6rlurar i detta prisspann. <strong>AirPods Pro 3<\/strong> st\u00e5r som ett bevis p\u00e5 att kvalitet kan f\u00f6renas med innovation.<\/p>\n<h3><span class=\"ez-toc-section\" id=\"Aktiv_Brusreducering\"><\/span>Aktiv Brusreducering<span class=\"ez-toc-section-end\"><\/span><\/h3>\n<p>En av de mest imponerande funktionerna hos <strong>AirPods Pro 3<\/strong> \u00e4r deras aktiva brusreducering. Genom att anv\u00e4nda avancerad teknik analyserar de omgivande ljud och skapar motljud f\u00f6r att neutralisera st\u00f6rningar. Det h\u00e4r \u00e4r perfekt f\u00f6r dem som ofta befinner sig i ljudfylla milj\u00f6er.<\/p>\n<p>Brusreducering kan justeras beroende p\u00e5 din omgivning. Anv\u00e4ndare har m\u00f6jligheten att v\u00e4xla mellan brusreducering och transperent l\u00e4ge. Detta ger flexibilitet och kontroll, vilket \u00e4r avg\u00f6rande f\u00f6r m\u00e5nga anv\u00e4ndare.<\/p>\n<p>Vid anv\u00e4ndning ser m\u00e5nga en markant f\u00f6rb\u00e4ttring i ljudupplevelsen. Det m\u00f6jliggjort att f\u00e5 en mer fokuserad upplevelse av musik och podcasts. Oavsett om du \u00e4r p\u00e5 kontoret eller reser \u00e4r <strong>AirPods Pro 3<\/strong> ett utm\u00e4rkt val.<\/p>\n<h3><span class=\"ez-toc-section\" id=\"Transperent_Lage\"><\/span>Transperent L\u00e4ge<span class=\"ez-toc-section-end\"><\/span><\/h3>\n<p>Transperent l\u00e4ge \u00e4r funktionen som verkligen skiljer <strong>AirPods Pro 3<\/strong> fr\u00e5n andra h\u00f6rlurar. Genom att aktivera denna funktion kan anv\u00e4ndaren h\u00f6ra sin omgivning samtidigt som de lyssnar p\u00e5 musik. Det h\u00e4r g\u00f6r dem mycket m\u00e5ngsidiga f\u00f6r olika situationer.<\/p>\n<p>Denna funktion \u00e4r perfekt f\u00f6r att uppr\u00e4tth\u00e5lla medvetenhet i offentliga milj\u00f6er. Det s\u00e4kerst\u00e4ller att anv\u00e4ndare \u00e4r medvetna om sin omgivning utan att beh\u00f6va ta av sig h\u00f6rlurarna. \u00d6verg\u00e5ngarna mellan l\u00e4gena \u00e4r smidiga och snabba.<\/p>\n<p>Det g\u00f6r <strong>AirPods Pro 3<\/strong> till ett fantastiskt val f\u00f6r dem som vill njuta av musik samtidigt som de \u00e4r alerta. Det \u00e4r en stor f\u00f6rdel f\u00f6r b\u00e5de aktiva och passiva anv\u00e4ndare. Det skapar en balans mellan n\u00f6je och s\u00e4kerhet.<\/p>\n<h2><span class=\"ez-toc-section\" id=\"Priser_och_Tillganglighet\"><\/span>Priser och Tillg\u00e4nglighet<span class=\"ez-toc-section-end\"><\/span><\/h2>\n<p>Priserna f\u00f6r <strong>AirPods Pro 3<\/strong> varierar beroende p\u00e5 \u00e5terf\u00f6rs\u00e4ljare och eventuella kampanjer. Generellt ligger de p\u00e5 ett rimligt pris f\u00f6r den typ av teknologi och kvalitet de erbjuder. M\u00e5nga upplever dem som ett bra k\u00f6p j\u00e4mf\u00f6rt med liknande produkter.<\/p>\n<p>Tillg\u00e4ngligheten kan ocks\u00e5 variera beroende p\u00e5 s\u00e4song och region. Det \u00e4r alltid en bra ide att kolla flera olika butiker. Att handla online ger ofta det st\u00f6rsta urvalet av storlekar och f\u00e4rger f\u00f6r <strong>AirPods Pro 3<\/strong>, vilket hj\u00e4lper dig att g\u00f6ra det b\u00e4sta valet.<\/p>\n<p>Det \u00e4r ocks\u00e5 viktigt att beakta garantier och support som medf\u00f6ljer vid k\u00f6p. M\u00e5nga \u00e5terf\u00f6rs\u00e4ljare erbjuder nu ut\u00f6kade garantier, vilket ger ytterligare trygghet f\u00f6r konsumenterna. Det \u00e4r alltid f\u00f6rdelaktigt att l\u00e4sa recensioner innan du k\u00f6per.<\/p>\n<p>Med den p\u00e5g\u00e5ende efterfr\u00e5gan, \u00e4r det troligt att <strong>AirPods Pro 3<\/strong> alltid kommer att finnas tillg\u00e4ngliga hos de st\u00f6rsta butikerna. Men h\u00e5lla ett \u00f6ga p\u00e5 specialerbjudanden och disponibilitet kan leda till v\u00e4rdefulla rabatter.<\/p>\n<h3><span class=\"ez-toc-section\" id=\"Forsaljningskanaler\"><\/span>F\u00f6rs\u00e4ljningskanaler<span class=\"ez-toc-section-end\"><\/span><\/h3>\n<p>Det finns m\u00e5nga olika st\u00e4llen att k\u00f6pa <strong>AirPods Pro 3<\/strong>. De finns tillg\u00e4ngliga hos \u00e5terf\u00f6rs\u00e4ljare som Elgiganten och MediaMarkt samt onlinebutiker. Att k\u00f6pa direkt fr\u00e5n Apple kan ocks\u00e5 ge garantier och ut\u00f6kad kundtj\u00e4nst.<\/p>\n<p>F\u00f6r det b\u00e4sta priset \u00e4r det v\u00e4rt att j\u00e4mf\u00f6ra alternativ. Onlinebutiker erbjuder ofta b\u00e4ttre priser och enklare tillg\u00e4nglighet. Men fysiska butiker g\u00f6r att du kan k\u00e4nna och prova h\u00f6rlurarna innan du k\u00f6per.<\/p>\n<p>Certifierade \u00e5terf\u00f6rs\u00e4ljare \u00e4r alltid att f\u00f6redra, d\u00e5 det erbjuder trygghet och r\u00e4tt support. De flesta stora butiker har \u00e4ven bra returrutiner, vilket \u00e4r bra att ha ifall h\u00f6rlurarna inte skulle passa. Detta kan bli avg\u00f6rande i k\u00f6pet.<\/p>\n<h3><span class=\"ez-toc-section\" id=\"Prissattning\"><\/span>Priss\u00e4ttning<span class=\"ez-toc-section-end\"><\/span><\/h3>\n<p><strong>AirPods Pro 3<\/strong> varierar i pris beroende p\u00e5 f\u00f6rs\u00e4ljningskanal, kampanjer och tillg\u00e5ng. Generellt \u00e4r de i premiumsegmentet av h\u00f6rlurar, men deras kvalitet g\u00f6r dem v\u00e4rda kostnaden. Du f\u00e5r en stor m\u00e4ngd funktionalitet och prestanda f\u00f6r din investering.<\/p>\n<p>Det \u00e4r \u00e4ven klokt att h\u00e5lla utkik efter specialerbjudanden under helger och stora shoppingevenemang. Dessa kan leda till fantastiska rabatter och ge chansen att spara en del av kostnaden. Att f\u00f6lja annonser kan ge bra insikter om n\u00e4r bra aff\u00e4rer \u00e4r tillg\u00e4ngliga.<\/p>\n<p>Det \u00e4r ocks\u00e5 viktigt att ber\u00e4kna den l\u00e5ngsiktiga kostnaden. Med h\u00f6g ljudkvalitet och funktionalitet blir <strong>AirPods Pro 3<\/strong> en mycket bra investering f\u00f6r den som \u00e4lskar musik. Deras h\u00e5llbarhet och kvalitet g\u00f6r att de kommer att h\u00e5lla i m\u00e5nga \u00e5r fram\u00f6ver, vilket \u00f6kar v\u00e4rdet.<\/p>\n<p><\/html><\/p>\n<h2><span class=\"ez-toc-section\" id=\"Slutord\"><\/span>Slutord<span class=\"ez-toc-section-end\"><\/span><\/h2>\n<h2><span class=\"ez-toc-section\" id=\"airpods_pro_3_En_djupdykning_i_den_senaste_horselteknologin\"><\/span>airpods pro 3: En djupdykning i den senaste h\u00f6rselteknologin<span class=\"ez-toc-section-end\"><\/span><\/h2>\n<h2><span class=\"ez-toc-section\" id=\"Design_och_komfort_hos_airpods_pro_3\"><\/span>Design och komfort hos airpods pro 3<span class=\"ez-toc-section-end\"><\/span><\/h2>\n<p>Den nya designen av <strong>airpods pro 3<\/strong> \u00e4r b\u00e5de stilren och funktionell. Med sk\u00f6na \u00f6ronproppar som passar de flesta \u00f6ron \u00e4r anv\u00e4ndarupplevelsen optimerad. Dessutom har de f\u00e5tt en uppdatering f\u00f6r att f\u00f6rb\u00e4ttra ljudisoleringen. Kombinationen av smidighet och komfort g\u00f6r dem till ett utm\u00e4rkt val f\u00f6r l\u00e5ngvarigt bruk.<\/p>\n<p>De kommer i olika f\u00e4rger och ger anv\u00e4ndarna m\u00f6jlighet att v\u00e4lja en stil som passar deras personliga smak. Den l\u00e4tta vikten bidrar ocks\u00e5 till en bekv\u00e4m passform. Det \u00e4r ingen \u00f6verrasking att <strong>airpods pro 3<\/strong> blivit s\u00e5 popul\u00e4ra bland teknikentusiaster. <\/p>\n<p>F\u00f6r personer som b\u00e4r dem under l\u00e4ngre perioder, erbjuder de en ergonomisk form som minimerar tr\u00f6tthet. Dessutom kan de anv\u00e4ndas under olika aktiviteter som tr\u00e4ning eller resor. Med en ny och f\u00f6rb\u00e4ttrad design ligger de verkligen i framkant av h\u00f6rlursteknologin.<\/p>\n<p>Sammanfattningsvis \u00e4r designen och komforten hos <strong>airpods pro 3<\/strong> exempel p\u00e5 hur teknik kan f\u00f6renas med anv\u00e4ndarv\u00e4nlighet. Deras stil och komfort g\u00f6r dem l\u00e4mpliga f\u00f6r en m\u00e4ngd olika situationer. Du kan l\u00e4sa mer om ergonomi och design i denna [Wikipedia-artikel](https:\/\/sv.wikipedia.org\/wiki\/Ergonomi).<\/p>\n<h3><span class=\"ez-toc-section\" id=\"Material_och_byggkvalitet\"><\/span>Material och byggkvalitet<span class=\"ez-toc-section-end\"><\/span><\/h3>\n<p>Tillverkningen av <strong>airpods pro 3<\/strong> har fokuserat p\u00e5 h\u00f6gkvalitativa material. Detta inkluderar b\u00e5de h\u00e5llbar plast och aluminium, vilket ger en premium k\u00e4nsla. Kvaliteten ger inte bara ett bra intryck utan \u00f6kar ocks\u00e5 deras h\u00e5llbarhet \u00f6ver tid. De \u00e4r designade f\u00f6r att klara av den dagliga anv\u00e4ndningen, oavsett om du \u00e4r hemma eller p\u00e5 spr\u00e5ng.<\/p>\n<p>Den vatten- och svettavvisande designen g\u00f6r dem perfekta f\u00f6r tr\u00e4ningspass. Oavsett aktivitet kan du lita p\u00e5 att dina <strong>airpods pro 3<\/strong> kommer att h\u00e5lla sig i gott skick. N\u00e4r du ser dem i aktion, \u00e4r det tydligt att byggkvaliteten \u00e4r av h\u00f6gsta klass. <\/p>\n<p>Den innovativa teknik som anv\u00e4nds i tillverkningen av dessa h\u00f6rlurar resulterar i ett robust och l\u00e4ttviktsalternativ. Det g\u00f6r dem till en idealisk f\u00f6ljeslagare f\u00f6r alla anv\u00e4ndare. Ytterligare information om materialval kan hittas i denna [artikel](https:\/\/sv.wikipedia.org\/wiki\/Materialvetenskap).<\/p>\n<h3><span class=\"ez-toc-section\" id=\"Prestanda_och_ljudkvalitet\"><\/span>Prestanda och ljudkvalitet<span class=\"ez-toc-section-end\"><\/span><\/h3>\n<p>En av de mest imponerande egenskaperna hos <strong>airpods pro 3<\/strong> \u00e4r ljudkvaliteten. Med avancerad ljudteknologi erbjuder de en klar och precis ljudupplevelse. B\u00e5de bas och diskant \u00e4r v\u00e4ldefinierade. Detta m\u00f6jligg\u00f6r en f\u00f6rstklassig musikupplevelse oavsett genre.<\/p>\n<p>Aktiv brusreducering \u00e4r en annan fantastisk funktion som <strong>airpods pro 3<\/strong> har. Genom att blockera o\u00f6nskat ljud kan anv\u00e4ndaren fokusera mer p\u00e5 musiken. Denna teknik g\u00f6r dem idealiska f\u00f6r flygresor eller tr\u00e5nga rum. Det \u00e4r h\u00e4r teknik och komfort verkligen f\u00f6renas.<\/p>\n<p>Dessutom finns det olika ljudinst\u00e4llningar som kan anpassas till anv\u00e4ndarens preferenser. Oavsett om du lyssnar p\u00e5 klassisk musik eller moderna hits, anpassar sig dessa h\u00f6rlurar. Ytterligare information om ljudteknologin finns p\u00e5 den h\u00e4r [webbplatsen](https:\/\/sv.wikipedia.org\/wiki\/Ljudteknik).<\/p>\n<h3><span class=\"ez-toc-section\" id=\"Ansiktsigenkanning_och_smarta_funktioner\"><\/span>Ansiktsigenk\u00e4nning och smarta funktioner<span class=\"ez-toc-section-end\"><\/span><\/h3>\n<p>Ett annat tillskott till <strong>airpods pro 3<\/strong> \u00e4r de smarta funktionerna som r\u00f6ststyrning via Siri. Anv\u00e4ndare kan enkelt styra sina h\u00f6rlurar med r\u00f6stkommandon. Det g\u00f6r dem l\u00e4tta att anv\u00e4nda, s\u00e4rskilt n\u00e4r man \u00e4r i r\u00f6relse. Den smidiga integrationen med andra Apple-produkter \u00e4r ocks\u00e5 v\u00e4rd att n\u00e4mna.<\/p>\n<p>Ansiktsigenk\u00e4nning \u00e4r en sp\u00e4nnande funktion som m\u00f6jligg\u00f6r automatisk pausning av ljudet. N\u00e4r du tar av dig h\u00f6rlurarna pausas musiken automatiskt. Detta fr\u00e4mjar en oavbruten anv\u00e4ndarupplevelse och \u00f6kar bekv\u00e4mligheten. Med anv\u00e4ndarens livsstil i \u00e5tanke gjorde Apple ett smart val i designen av <strong>airpods pro 3<\/strong>.<\/p>\n<p>Dessa funktioner visar verkligen hur teknik kan f\u00f6rb\u00e4ttra anv\u00e4ndarens upplevelse. Genom att h\u00e5lla sig uppdaterade med den senaste teknologin s\u00e4kerst\u00e4ller Apple att deras produkter \u00e4r konkurrenskraftiga. Mer information om smart teknik kan hittas i den h\u00e4r [artikeln](https:\/\/sv.wikipedia.org\/wiki\/Artificiell_intelligens).<\/p>\n<h2><span class=\"ez-toc-section\" id=\"Batteritid_och_laddningsalternativ\"><\/span>Batteritid och laddningsalternativ<span class=\"ez-toc-section-end\"><\/span><\/h2>\n<p>Batteritiden p\u00e5 <strong>airpods pro 3<\/strong> \u00e4r en av de mest anm\u00e4rkningsv\u00e4rda f\u00f6rb\u00e4ttringarna. De erbjuder upp till 6 timmar kontinuerlig lyssning. Med den medf\u00f6ljande laddningsboxen kan anv\u00e4ndarna njuta av upp till 30 timmar total lyssning. Den snabba laddningen g\u00f6r det ocks\u00e5 enkelt att \u00e5terf\u00e5 fr\u00e4sch\u00f6r under korta pauser.<\/p>\n<p>Boxen f\u00f6r laddning \u00e4r ocks\u00e5 b\u00e5de l\u00e4tt och kompakt, vilket g\u00f6r den idealisk f\u00f6r reseanv\u00e4ndning. Med endast n\u00e5gra minuter av laddning f\u00e5r man flera timmars speltid. Detta g\u00f6r att prioriteringen av batteritid verkligen imponerar i segmentet. Att anv\u00e4nda en laddningsbox ger en smidig l\u00f6sning f\u00f6r dem som \u00e4r p\u00e5 spr\u00e5ng.<\/p>\n<p>Kombinationen av f\u00f6rb\u00e4ttrad batteritid och snabb laddning g\u00f6r att <strong>airpods pro 3<\/strong> passar f\u00f6r alla anv\u00e4ndningsscenarier. Oavsett om du \u00e4r p\u00e5 v\u00e4g till arbete eller n\u00f6je, \u00e4r de alltid redo att leverera. F\u00f6r mer information om batteriteknik kan du bes\u00f6ka denna [sida](https:\/\/sv.wikipedia.org\/wiki\/Batteri).<\/p>\n<h3><span class=\"ez-toc-section\" id=\"Underhall_och_hallbarhet\"><\/span>Underh\u00e5ll och h\u00e5llbarhet<span class=\"ez-toc-section-end\"><\/span><\/h3>\n<p>Att ta hand om dina <strong>airpods pro 3<\/strong> \u00e4r avg\u00f6rande f\u00f6r att f\u00f6rl\u00e4nga deras livsl\u00e4ngd. Reng\u00f6ring av \u00f6ronpropparna och laddningsk\u00e5pan \u00e4r viktiga delar av underh\u00e5llet. Genom att regelbundet h\u00e5lla dem rena kan man f\u00f6rhindra uppbyggnad av smuts och skr\u00e4p. Det \u00e4r en enkel men effektiv \u00e5tg\u00e4rd f\u00f6r att s\u00e4kerst\u00e4lla optimal funktionalitet.<\/p>\n<p>Dessutom \u00e4r kvalitetsmaterialen en indikator p\u00e5 h\u00e5llbarheten hos <strong>airpods pro 3<\/strong>. De \u00e4r byggda f\u00f6r att motst\u00e5 slitage och h\u00e5lla l\u00e4nge, \u00e4ven vid intensiv anv\u00e4ndning. Att f\u00f6rst\u00e5 dessa aspekter s\u00e4kerst\u00e4ller att du f\u00e5r ut det mesta av din investering. Respekt f\u00f6r doseringen av din anv\u00e4ndning bidrar ocks\u00e5 till h\u00e5llbarheten.<\/p>\n<p>F\u00f6r mer information om hur man underh\u00e5ller elektroniska produkter, kan du se den h\u00e4r [webbplatsen](https:\/\/sv.wikipedia.org\/wiki\/Elektronikunderh%C3%A5ll).<\/p>\n<h3><span class=\"ez-toc-section\" id=\"Energikallor_och_miljopaverkan\"><\/span>Energik\u00e4llor och milj\u00f6p\u00e5verkan<span class=\"ez-toc-section-end\"><\/span><\/h3>\n<p>Som en del av Apples gr\u00f6na initiativ har <strong>airpods pro 3<\/strong> designats f\u00f6r att vara energieffektiva. Detta inneb\u00e4r l\u00e4gre elf\u00f6rbrukning och en minskad p\u00e5verkan p\u00e5 milj\u00f6n. F\u00f6retaget str\u00e4var efter att minska sitt klimatavtryck genom h\u00e5llbara verksamhetsmetoder. Detta \u00e4r en viktig aspekt f\u00f6r m\u00e5nga milj\u00f6medvetna konsumenter.<\/p>\n<p>Det \u00e4r ocks\u00e5 v\u00e4rt att n\u00e4mna att laddningsalternativen \u00e4r optimerade f\u00f6r att vara b\u00e5de effektiva och milj\u00f6v\u00e4nliga. Genom att anv\u00e4nda \u00e5tervinningsbara material i produktionen, bidrar man till en mer h\u00e5llbar framtid. Alla dessa faktorer g\u00f6r att <strong>airpods pro 3<\/strong> \u00e4r ett b\u00e4stval f\u00f6r medvetna kunder.<\/p>\n<p>En studie av milj\u00f6p\u00e5verkan av elektroniska enheter kan ge ytterligare insikter, och mer information kan hittas p\u00e5 [Wikipedia](https:\/\/sv.wikipedia.org\/wiki\/Milj%C3%B6p%C3%A5verkan_av_elektronik).<\/p>\n<div id=\"ez-toc-container\" class=\"ez-toc-v2_0_87 ez-toc-wrap-center counter-hierarchy ez-toc-counter ez-toc-grey ez-toc-container-direction\">\n<div class=\"ez-toc-title-container\">\n<p class=\"ez-toc-title\" style=\"cursor:inherit\">Table of Contents<\/p>\n<span class=\"ez-toc-title-toggle\"><a href=\"#\" class=\"ez-toc-pull-right ez-toc-btn ez-toc-btn-xs ez-toc-btn-default ez-toc-toggle\" aria-label=\"Alternar tabla de contenidos\"><span class=\"ez-toc-js-icon-con\"><span class=\"\"><span class=\"eztoc-hide\" style=\"display:none;\">Toggle<\/span><span class=\"ez-toc-icon-toggle-span\"><svg style=\"fill: #999;color:#999\" xmlns=\"http:\/\/www.w3.org\/2000\/svg\" class=\"list-377408\" width=\"20px\" height=\"20px\" viewBox=\"0 0 24 24\" fill=\"none\"><path d=\"M6 6H4v2h2V6zm14 0H8v2h12V6zM4 11h2v2H4v-2zm16 0H8v2h12v-2zM4 16h2v2H4v-2zm16 0H8v2h12v-2z\" fill=\"currentColor\"><\/path><\/svg><svg style=\"fill: #999;color:#999\" class=\"arrow-unsorted-368013\" xmlns=\"http:\/\/www.w3.org\/2000\/svg\" width=\"10px\" height=\"10px\" viewBox=\"0 0 24 24\" version=\"1.2\" baseProfile=\"tiny\"><path d=\"M18.2 9.3l-6.2-6.3-6.2 6.3c-.2.2-.3.4-.3.7s.1.5.3.7c.2.2.4.3.7.3h11c.3 0 .5-.1.7-.3.2-.2.3-.5.3-.7s-.1-.5-.3-.7zM5.8 14.7l6.2 6.3 6.2-6.3c.2-.2.3-.5.3-.7s-.1-.5-.3-.7c-.2-.2-.4-.3-.7-.3h-11c-.3 0-.5.1-.7.3-.2.2-.3.5-.3.7s.1.5.3.7z\"\/><\/svg><\/span><\/span><\/span><\/a><\/span><\/div>\n<nav><ul class='ez-toc-list ez-toc-list-level-1 eztoc-toggle-hide-by-default' ><li class='ez-toc-page-1 ez-toc-heading-level-2'><a class=\"ez-toc-link ez-toc-heading-1\" href=\"https:\/\/ganardineroporinternet.me\/sw\/airpods-pro-3\/#airpods_pro_3\" >airpods pro 3<\/a><\/li><li class='ez-toc-page-1 ez-toc-heading-level-2'><a class=\"ez-toc-link ez-toc-heading-2\" href=\"https:\/\/ganardineroporinternet.me\/sw\/airpods-pro-3\/#Design_och_Komfort\" >Design och Komfort<\/a><ul class='ez-toc-list-level-3' ><li class='ez-toc-heading-level-3'><a class=\"ez-toc-link ez-toc-heading-3\" href=\"https:\/\/ganardineroporinternet.me\/sw\/airpods-pro-3\/#Ergonomisk_Design\" >Ergonomisk Design<\/a><\/li><li class='ez-toc-page-1 ez-toc-heading-level-3'><a class=\"ez-toc-link ez-toc-heading-4\" href=\"https:\/\/ganardineroporinternet.me\/sw\/airpods-pro-3\/#Materialval\" >Materialval<\/a><\/li><li class='ez-toc-page-1 ez-toc-heading-level-3'><a class=\"ez-toc-link ez-toc-heading-5\" href=\"https:\/\/ganardineroporinternet.me\/sw\/airpods-pro-3\/#Viktiga_Funktioner\" >Viktiga Funktioner<\/a><\/li><\/ul><\/li><li class='ez-toc-page-1 ez-toc-heading-level-2'><a class=\"ez-toc-link ez-toc-heading-6\" href=\"https:\/\/ganardineroporinternet.me\/sw\/airpods-pro-3\/#Ljudkvalitet\" >Ljudkvalitet<\/a><ul class='ez-toc-list-level-3' ><li class='ez-toc-heading-level-3'><a class=\"ez-toc-link ez-toc-heading-7\" href=\"https:\/\/ganardineroporinternet.me\/sw\/airpods-pro-3\/#Horlursdrivrutiner\" >H\u00f6rlursdrivrutiner<\/a><\/li><li class='ez-toc-page-1 ez-toc-heading-level-3'><a class=\"ez-toc-link ez-toc-heading-8\" href=\"https:\/\/ganardineroporinternet.me\/sw\/airpods-pro-3\/#Brusreducering\" >Brusreducering<\/a><\/li><li class='ez-toc-page-1 ez-toc-heading-level-3'><a class=\"ez-toc-link ez-toc-heading-9\" href=\"https:\/\/ganardineroporinternet.me\/sw\/airpods-pro-3\/#Surroundljud\" >Surroundljud<\/a><\/li><\/ul><\/li><li class='ez-toc-page-1 ez-toc-heading-level-2'><a class=\"ez-toc-link ez-toc-heading-10\" href=\"https:\/\/ganardineroporinternet.me\/sw\/airpods-pro-3\/#Kompatibilitet_och_Anslutning\" >Kompatibilitet och Anslutning<\/a><ul class='ez-toc-list-level-3' ><li class='ez-toc-heading-level-3'><a class=\"ez-toc-link ez-toc-heading-11\" href=\"https:\/\/ganardineroporinternet.me\/sw\/airpods-pro-3\/#Enkel_Anslutning\" >Enkel Anslutning<\/a><\/li><li class='ez-toc-page-1 ez-toc-heading-level-3'><a class=\"ez-toc-link ez-toc-heading-12\" href=\"https:\/\/ganardineroporinternet.me\/sw\/airpods-pro-3\/#App-Integration\" >App-Integration<\/a><\/li><li class='ez-toc-page-1 ez-toc-heading-level-3'><a class=\"ez-toc-link ez-toc-heading-13\" href=\"https:\/\/ganardineroporinternet.me\/sw\/airpods-pro-3\/#Overensstammelse_med_Andra_Enheter\" >\u00d6verensst\u00e4mmelse med Andra Enheter<\/a><\/li><\/ul><\/li><li class='ez-toc-page-1 ez-toc-heading-level-2'><a class=\"ez-toc-link ez-toc-heading-14\" href=\"https:\/\/ganardineroporinternet.me\/sw\/airpods-pro-3\/#Pris_och_Tillganglighet\" >Pris och Tillg\u00e4nglighet<\/a><ul class='ez-toc-list-level-3' ><li class='ez-toc-heading-level-3'><a class=\"ez-toc-link ez-toc-heading-15\" href=\"https:\/\/ganardineroporinternet.me\/sw\/airpods-pro-3\/#Kostnadsfordelar\" >Kostnadsf\u00f6rdelar<\/a><\/li><li class='ez-toc-page-1 ez-toc-heading-level-3'><a class=\"ez-toc-link ez-toc-heading-16\" href=\"https:\/\/ganardineroporinternet.me\/sw\/airpods-pro-3\/#Tillganglighet\" >Tillg\u00e4nglighet<\/a><\/li><li class='ez-toc-page-1 ez-toc-heading-level-3'><a class=\"ez-toc-link ez-toc-heading-17\" href=\"https:\/\/ganardineroporinternet.me\/sw\/airpods-pro-3\/#Framtidsutsikter\" >Framtidsutsikter<\/a><\/li><\/ul><\/li><li class='ez-toc-page-1 ez-toc-heading-level-2'><a class=\"ez-toc-link ez-toc-heading-18\" href=\"https:\/\/ganardineroporinternet.me\/sw\/airpods-pro-3\/#AirPods_Pro_3_Innovativ_Ljudteknik\" >AirPods Pro 3: Innovativ Ljudteknik<\/a><\/li><li class='ez-toc-page-1 ez-toc-heading-level-2'><a class=\"ez-toc-link ez-toc-heading-19\" href=\"https:\/\/ganardineroporinternet.me\/sw\/airpods-pro-3\/#Design_och_Anvandarvanlighet\" >Design och Anv\u00e4ndarv\u00e4nlighet<\/a><ul class='ez-toc-list-level-3' ><li class='ez-toc-heading-level-3'><a class=\"ez-toc-link ez-toc-heading-20\" href=\"https:\/\/ganardineroporinternet.me\/sw\/airpods-pro-3\/#Material_och_Byggkvalitet\" >Material och Byggkvalitet<\/a><\/li><li class='ez-toc-page-1 ez-toc-heading-level-3'><a class=\"ez-toc-link ez-toc-heading-21\" href=\"https:\/\/ganardineroporinternet.me\/sw\/airpods-pro-3\/#Funktioner_och_Teknik\" >Funktioner och Teknik<\/a><\/li><li class='ez-toc-page-1 ez-toc-heading-level-3'><a class=\"ez-toc-link ez-toc-heading-22\" href=\"https:\/\/ganardineroporinternet.me\/sw\/airpods-pro-3\/#Ljudkvalitet_och_Prestanda\" >Ljudkvalitet och Prestanda<\/a><\/li><\/ul><\/li><li class='ez-toc-page-1 ez-toc-heading-level-2'><a class=\"ez-toc-link ez-toc-heading-23\" href=\"https:\/\/ganardineroporinternet.me\/sw\/airpods-pro-3\/#Jamforelse_med_Tidigare_Modeller\" >J\u00e4mf\u00f6relse med Tidigare Modeller<\/a><ul class='ez-toc-list-level-3' ><li class='ez-toc-heading-level-3'><a class=\"ez-toc-link ez-toc-heading-24\" href=\"https:\/\/ganardineroporinternet.me\/sw\/airpods-pro-3\/#Anvandarrecensioner_och_Feedback\" >Anv\u00e4ndarrecensioner och Feedback<\/a><\/li><li class='ez-toc-page-1 ez-toc-heading-level-3'><a class=\"ez-toc-link ez-toc-heading-25\" href=\"https:\/\/ganardineroporinternet.me\/sw\/airpods-pro-3\/#Tillganglighet_och_Prissattning\" >Tillg\u00e4nglighet och Priss\u00e4ttning<\/a><\/li><li class='ez-toc-page-1 ez-toc-heading-level-3'><a class=\"ez-toc-link ez-toc-heading-26\" href=\"https:\/\/ganardineroporinternet.me\/sw\/airpods-pro-3\/#Kundsupport_och_Garanti\" >Kundsupport och Garanti<\/a><\/li><\/ul><\/li><li class='ez-toc-page-1 ez-toc-heading-level-2'><a class=\"ez-toc-link ez-toc-heading-27\" href=\"https:\/\/ganardineroporinternet.me\/sw\/airpods-pro-3\/#AirPods_Pro_3_En_Djupdykning\" >AirPods Pro 3: En Djupdykning<\/a><\/li><li class='ez-toc-page-1 ez-toc-heading-level-2'><a class=\"ez-toc-link ez-toc-heading-28\" href=\"https:\/\/ganardineroporinternet.me\/sw\/airpods-pro-3\/#Kompatibilitet_och_Anslutningar\" >Kompatibilitet och Anslutningar<\/a><ul class='ez-toc-list-level-3' ><li class='ez-toc-heading-level-3'><a class=\"ez-toc-link ez-toc-heading-29\" href=\"https:\/\/ganardineroporinternet.me\/sw\/airpods-pro-3\/#Bluetooth-teknologi\" >Bluetooth-teknologi<\/a><\/li><li class='ez-toc-page-1 ez-toc-heading-level-3'><a class=\"ez-toc-link ez-toc-heading-30\" href=\"https:\/\/ganardineroporinternet.me\/sw\/airpods-pro-3\/#Kompatibla_Enheter\" >Kompatibla Enheter<\/a><\/li><li class='ez-toc-page-1 ez-toc-heading-level-3'><a class=\"ez-toc-link ez-toc-heading-31\" href=\"https:\/\/ganardineroporinternet.me\/sw\/airpods-pro-3\/#Hur_Ansluter_Man\" >Hur Ansluter Man?<\/a><\/li><\/ul><\/li><li class='ez-toc-page-1 ez-toc-heading-level-2'><a class=\"ez-toc-link ez-toc-heading-32\" href=\"https:\/\/ganardineroporinternet.me\/sw\/airpods-pro-3\/#Design_och_Ergonomi\" >Design och Ergonomi<\/a><ul class='ez-toc-list-level-3' ><li class='ez-toc-heading-level-3'><a class=\"ez-toc-link ez-toc-heading-33\" href=\"https:\/\/ganardineroporinternet.me\/sw\/airpods-pro-3\/#Materialval-2\" >Materialval<\/a><\/li><li class='ez-toc-page-1 ez-toc-heading-level-3'><a class=\"ez-toc-link ez-toc-heading-34\" href=\"https:\/\/ganardineroporinternet.me\/sw\/airpods-pro-3\/#Ergonomisk_Passform\" >Ergonomisk Passform<\/a><\/li><li class='ez-toc-page-1 ez-toc-heading-level-3'><a class=\"ez-toc-link ez-toc-heading-35\" href=\"https:\/\/ganardineroporinternet.me\/sw\/airpods-pro-3\/#Estetiska_Val\" >Estetiska Val<\/a><\/li><\/ul><\/li><li class='ez-toc-page-1 ez-toc-heading-level-2'><a class=\"ez-toc-link ez-toc-heading-36\" href=\"https:\/\/ganardineroporinternet.me\/sw\/airpods-pro-3\/#Prestanda_och_Funktioner\" >Prestanda och Funktioner<\/a><ul class='ez-toc-list-level-3' ><li class='ez-toc-heading-level-3'><a class=\"ez-toc-link ez-toc-heading-37\" href=\"https:\/\/ganardineroporinternet.me\/sw\/airpods-pro-3\/#Ljudkvalitet-2\" >Ljudkvalitet<\/a><\/li><li class='ez-toc-page-1 ez-toc-heading-level-3'><a class=\"ez-toc-link ez-toc-heading-38\" href=\"https:\/\/ganardineroporinternet.me\/sw\/airpods-pro-3\/#Aktiv_Brusreducering\" >Aktiv Brusreducering<\/a><\/li><li class='ez-toc-page-1 ez-toc-heading-level-3'><a class=\"ez-toc-link ez-toc-heading-39\" href=\"https:\/\/ganardineroporinternet.me\/sw\/airpods-pro-3\/#Transperent_Lage\" >Transperent L\u00e4ge<\/a><\/li><\/ul><\/li><li class='ez-toc-page-1 ez-toc-heading-level-2'><a class=\"ez-toc-link ez-toc-heading-40\" href=\"https:\/\/ganardineroporinternet.me\/sw\/airpods-pro-3\/#Priser_och_Tillganglighet\" >Priser och Tillg\u00e4nglighet<\/a><ul class='ez-toc-list-level-3' ><li class='ez-toc-heading-level-3'><a class=\"ez-toc-link ez-toc-heading-41\" href=\"https:\/\/ganardineroporinternet.me\/sw\/airpods-pro-3\/#Forsaljningskanaler\" >F\u00f6rs\u00e4ljningskanaler<\/a><\/li><li class='ez-toc-page-1 ez-toc-heading-level-3'><a class=\"ez-toc-link ez-toc-heading-42\" href=\"https:\/\/ganardineroporinternet.me\/sw\/airpods-pro-3\/#Prissattning\" >Priss\u00e4ttning<\/a><\/li><\/ul><\/li><li class='ez-toc-page-1 ez-toc-heading-level-2'><a class=\"ez-toc-link ez-toc-heading-43\" href=\"https:\/\/ganardineroporinternet.me\/sw\/airpods-pro-3\/#Slutord\" >Slutord<\/a><\/li><li class='ez-toc-page-1 ez-toc-heading-level-2'><a class=\"ez-toc-link ez-toc-heading-44\" href=\"https:\/\/ganardineroporinternet.me\/sw\/airpods-pro-3\/#airpods_pro_3_En_djupdykning_i_den_senaste_horselteknologin\" >airpods pro 3: En djupdykning i den senaste h\u00f6rselteknologin<\/a><\/li><li class='ez-toc-page-1 ez-toc-heading-level-2'><a class=\"ez-toc-link ez-toc-heading-45\" href=\"https:\/\/ganardineroporinternet.me\/sw\/airpods-pro-3\/#Design_och_komfort_hos_airpods_pro_3\" >Design och komfort hos airpods pro 3<\/a><ul class='ez-toc-list-level-3' ><li class='ez-toc-heading-level-3'><a class=\"ez-toc-link ez-toc-heading-46\" href=\"https:\/\/ganardineroporinternet.me\/sw\/airpods-pro-3\/#Material_och_byggkvalitet\" >Material och byggkvalitet<\/a><\/li><li class='ez-toc-page-1 ez-toc-heading-level-3'><a class=\"ez-toc-link ez-toc-heading-47\" href=\"https:\/\/ganardineroporinternet.me\/sw\/airpods-pro-3\/#Prestanda_och_ljudkvalitet\" >Prestanda och ljudkvalitet<\/a><\/li><li class='ez-toc-page-1 ez-toc-heading-level-3'><a class=\"ez-toc-link ez-toc-heading-48\" href=\"https:\/\/ganardineroporinternet.me\/sw\/airpods-pro-3\/#Ansiktsigenkanning_och_smarta_funktioner\" >Ansiktsigenk\u00e4nning och smarta funktioner<\/a><\/li><\/ul><\/li><li class='ez-toc-page-1 ez-toc-heading-level-2'><a class=\"ez-toc-link ez-toc-heading-49\" href=\"https:\/\/ganardineroporinternet.me\/sw\/airpods-pro-3\/#Batteritid_och_laddningsalternativ\" >Batteritid och laddningsalternativ<\/a><ul class='ez-toc-list-level-3' ><li class='ez-toc-heading-level-3'><a class=\"ez-toc-link ez-toc-heading-50\" href=\"https:\/\/ganardineroporinternet.me\/sw\/airpods-pro-3\/#Underhall_och_hallbarhet\" >Underh\u00e5ll och h\u00e5llbarhet<\/a><\/li><li class='ez-toc-page-1 ez-toc-heading-level-3'><a class=\"ez-toc-link ez-toc-heading-51\" href=\"https:\/\/ganardineroporinternet.me\/sw\/airpods-pro-3\/#Energikallor_och_miljopaverkan\" >Energik\u00e4llor och milj\u00f6p\u00e5verkan<\/a><\/li><\/ul><\/li><\/ul><\/nav><\/div>\n","protected":false},"excerpt":{"rendered":"<p>airpods pro 3 AirPods Pro 3 \u00e4r en av de mest efterl\u00e4ngtade h\u00f6rlurarna fr\u00e5n Apple. De erbjuder en betydande f\u00f6rb\u00e4ttring i ljudqualit\u00e9t och funktionalitet j\u00e4mf\u00f6rt med tidigare modeller. Med aktiva brusreducerande funktioner och en ergonomisk design, riktar dessa h\u00f6rlurar sig till b\u00e5de audiophiles och vardagsanv\u00e4ndare. Anv\u00e4ndarna kan f\u00f6rv\u00e4nta sig en f\u00f6rstklassig lyssningsupplevelse och nya innovativa &hellip;<\/p>\n","protected":false},"author":1,"featured_media":558,"comment_status":"closed","ping_status":"closed","sticky":false,"template":"","format":"standard","meta":{"footnotes":""},"categories":[6],"tags":[],"class_list":["post-557","post","type-post","status-publish","format-standard","has-post-thumbnail","hentry","category-teknologi"],"_links":{"self":[{"href":"https:\/\/ganardineroporinternet.me\/sw\/wp-json\/wp\/v2\/posts\/557","targetHints":{"allow":["GET"]}}],"collection":[{"href":"https:\/\/ganardineroporinternet.me\/sw\/wp-json\/wp\/v2\/posts"}],"about":[{"href":"https:\/\/ganardineroporinternet.me\/sw\/wp-json\/wp\/v2\/types\/post"}],"author":[{"embeddable":true,"href":"https:\/\/ganardineroporinternet.me\/sw\/wp-json\/wp\/v2\/users\/1"}],"replies":[{"embeddable":true,"href":"https:\/\/ganardineroporinternet.me\/sw\/wp-json\/wp\/v2\/comments?post=557"}],"version-history":[{"count":0,"href":"https:\/\/ganardineroporinternet.me\/sw\/wp-json\/wp\/v2\/posts\/557\/revisions"}],"wp:featuredmedia":[{"embeddable":true,"href":"https:\/\/ganardineroporinternet.me\/sw\/wp-json\/wp\/v2\/media\/558"}],"wp:attachment":[{"href":"https:\/\/ganardineroporinternet.me\/sw\/wp-json\/wp\/v2\/media?parent=557"}],"wp:term":[{"taxonomy":"category","embeddable":true,"href":"https:\/\/ganardineroporinternet.me\/sw\/wp-json\/wp\/v2\/categories?post=557"},{"taxonomy":"post_tag","embeddable":true,"href":"https:\/\/ganardineroporinternet.me\/sw\/wp-json\/wp\/v2\/tags?post=557"}],"curies":[{"name":"wp","href":"https:\/\/api.w.org\/{rel}","templated":true}]}}