{"id":546,"date":"2025-02-09T23:41:59","date_gmt":"2025-02-09T22:41:59","guid":{"rendered":"https:\/\/ganardineroporinternet.me\/sw\/2025\/02\/09\/danny-saucedo-barn\/"},"modified":"2025-02-09T23:41:59","modified_gmt":"2025-02-09T22:41:59","slug":"danny-saucedo-barn","status":"publish","type":"post","link":"https:\/\/ganardineroporinternet.me\/sw\/danny-saucedo-barn\/","title":{"rendered":"Danny Saucedo barn: 5 fascinerande fakta du inte visste!"},"content":{"rendered":"<h2><span class=\"ez-toc-section\" id=\"danny_saucedo_barn\"><\/span>danny saucedo barn<span class=\"ez-toc-section-end\"><\/span><\/h2>\n<p><strong>Danny Saucedo barn<\/strong> \u00e4r en intressant aspekt av den svenska pops\u00e5ngarens liv. M\u00e5nga fans undrar om hans familjeliv, speciellt hans barn. Information kring detta \u00e4mne \u00e4r ofta sparsam. Dock har Saucedo delat med sig av sina k\u00e4nslor och tankar kring att bli f\u00f6r\u00e4lder.<\/p>\n<p>Hans offentliga personlighet skapar en nyfikenhet kring hur han balanserar sitt karri\u00e4rliv med privatlivet. Att vara en offentlig figur inneb\u00e4r ofta att h\u00e5lla vissa aspekter av livet privat. Men ibland gl\u00e4ntar han p\u00e5 d\u00f6rren till sin v\u00e4rld. F\u00f6r m\u00e5nga av hans fans \u00e4r detta en fascinerande del av hans liv.<\/p>\n<p>Det \u00e4r ocks\u00e5 v\u00e4rt att n\u00e4mna att <strong>danny saucedo barn<\/strong> inte bara handlar om honom sj\u00e4lv. Barnens liv p\u00e5verkas ocks\u00e5 av att ha en offentlig person som f\u00f6r\u00e4lder. Hur han uppfostrar sina barn \u00e4r av stort intresse f\u00f6r b\u00e5de medier och fans. F\u00f6r\u00e4ldraskap \u00e4r en stor och viktig del av hans liv.<\/p>\n<p>Trots att det finns ett intresse f\u00f6r hans barn, p\u00e5minner han sina f\u00f6ljare om vikten av att respektera familjens integritet. Det visar p\u00e5 hur viktigt det \u00e4r f\u00f6r honom att skydda sina n\u00e4ra och k\u00e4ra fr\u00e5n offentligheten.<\/p>\n<h2><span class=\"ez-toc-section\" id=\"Familjeliv_och_foraldraskap\"><\/span>Familjeliv och f\u00f6r\u00e4ldraskap<span class=\"ez-toc-section-end\"><\/span><\/h2>\n<p>Danny Saucedo har uttryckt sina tankar kring f\u00f6r\u00e4ldraskap och familjeliv. Han betonar att barnens v\u00e4lm\u00e5ende \u00e4r hans fr\u00e4msta fokus. I intervjuer har han beskrivit den gl\u00e4dje och utmaning som kommer med att vara f\u00f6r\u00e4lder. Att se sina barn v\u00e4xa och utvecklas \u00e4r n\u00e5got mycket speciellt.<\/p>\n<p>Det \u00e4r inte alltid l\u00e4tt att ha en karri\u00e4r som artist samtidigt som man \u00e4r f\u00f6r\u00e4lder. Men f\u00f6r Saucedo \u00e4r det en balansg\u00e5ng som han f\u00f6rs\u00f6ker att hantera s\u00e5 bra som m\u00f6jligt. Emellan\u00e5t delar han med sig av sina erfarenheter p\u00e5 sociala medier. Hans fans uppskattar dessa inblickar i hans vardag.<\/p>\n<p>Ut\u00f6ver sitt arbete och sina barn, v\u00e4rderar han tid med familjen h\u00f6gt. Att skapa minnen tillsammans \u00e4r en prioritet f\u00f6r honom. Han str\u00e4var efter att ge sina barn ett s\u00e5 normalt liv som m\u00f6jligt, trots den offentliga uppm\u00e4rksamheten som omger honom.<\/p>\n<p>Det \u00e4r tydligt att familjen spelar en central roll i <strong>danny saucedo barn<\/strong> liv. Med st\u00f6d av sin partner och goda v\u00e4nskapsband, navigerar han genom f\u00f6r\u00e4ldraskapets utmaningar med styrka och k\u00e4rlek.<\/p>\n<h2><span class=\"ez-toc-section\" id=\"Danny_Saucedos_relation_till_sin_partner\"><\/span>Danny Saucedos relation till sin partner<span class=\"ez-toc-section-end\"><\/span><\/h2>\n<p>En annan viktig aspekt av <strong>danny saucedo barn<\/strong> \u00e4r hans relation till sin partner. De tv\u00e5 arbetar tillsammans f\u00f6r att skapa en stabil och k\u00e4rleksfull milj\u00f6 f\u00f6r sina barn. Deras samarbete str\u00e4cker sig \u00f6ver b\u00e5de privatliv och yrkesliv. Detta st\u00e4rker deras familjeband.<\/p>\n<p>I intervjuer har Danny n\u00e4mnt hur viktigt det \u00e4r att ha st\u00f6d fr\u00e5n sin partner i f\u00f6r\u00e4ldraskapet. Tillsammans tar de ansvar f\u00f6r sina barn och ser till att de f\u00e5r den uppfostran de beh\u00f6ver. Detta partnerskap \u00e4r en grundl\u00e4ggande del av deras liv.<\/p>\n<p>Det \u00e4r ocks\u00e5 intressant att notera hur de skyddar sin familjs integritet. Genom att vara diskreta med sina barn skapar de en trygghet. Deras str\u00e4van att h\u00e5lla privatlivet separerat fr\u00e5n offentligheten \u00e4r respekterat av b\u00e5de deras fans och medierna.<\/p>\n<p>Deras relation \u00e4r en inspirerande modell f\u00f6r m\u00e5nga som f\u00f6ljer dem. En stark familjedynamik \u00e4r avg\u00f6rande f\u00f6r att fostra glada och friska barn, vilket Saucedo tydligt prioriterar.<\/p>\n<h2><span class=\"ez-toc-section\" id=\"Sammanstallning_av_offentlig_och_privat_personlighet\"><\/span>Sammanst\u00e4llning av offentlig och privat personlighet<span class=\"ez-toc-section-end\"><\/span><\/h2>\n<p>Att leva ett liv som offentlig figur inneb\u00e4r m\u00e5nga utmaningar, s\u00e4rskilt n\u00e4r det kommer till barn och familjeliv. <strong>Danny Saucedo barn<\/strong> \u00e4r ett \u00e4mne som st\u00e4ndigt diskuteras i medierna. Han har lyckats skapa en balans mellan sin professionella karri\u00e4r och sitt personliga liv.<\/p>\n<p>F\u00f6r honom \u00e4r det viktigt att visa upp sitt arbete, samtidigt som han skyddar sina barn fr\u00e5n offentlig granskning. Detta har lett till en intressant dynamik i hans liv. Fans och f\u00f6ljare \u00e4r nyfikna, men han \u00e4r noga med att h\u00e5lla detaljerna privata.<\/p>\n<p>Att ibland dela sina tankar kring f\u00f6r\u00e4ldraskap ger fansen en inblick i hans liv. Detta \u00e4r n\u00e5got som m\u00e5nga st\u00e4ller uppskattning p\u00e5. Trots den press som kommer med ber\u00f6mmelse \u00e4r han tydlig med att familjen alltid kommer f\u00f6rst.<\/p>\n<p>Hans s\u00e4tt att navigera mellan dessa tv\u00e5 v\u00e4rldar \u00e4r impressionerande och inspirerande f\u00f6r m\u00e5nga. Det visar p\u00e5 en medvetenhet om b\u00e5de sina plikter som artist och som far.<\/p>\n<h2><span class=\"ez-toc-section\" id=\"Framtidsutsikter_for_barnen\"><\/span>Framtidsutsikter f\u00f6r barnen<span class=\"ez-toc-section-end\"><\/span><\/h2>\n<p>N\u00e4r man diskuterar <strong>danny saucedo barn<\/strong>, v\u00e4cker framtiden f\u00f6r hans barn intresse och spekulationer. Det finns mycket fokus p\u00e5 hur han och hans partner kommer att uppfostra sina barn i denna moderna v\u00e4rld. De har visat intresse f\u00f6r att ge sina barn valm\u00f6jligheter och frihet.<\/p>\n<p>Att ge sina barn m\u00f6jlighet att v\u00e4lja sin egen v\u00e4g i livet \u00e4r centralt f\u00f6r Saucedo. Han vill inte att de ska k\u00e4nna sig pressade av hans karri\u00e4r. Ist\u00e4llet vill han att de ska skapa sina egna identiteter och dr\u00f6mmar. Detta perspektiv \u00e4r viktigt f\u00f6r honom.<\/p>\n<p>N\u00e4r barnen v\u00e4xer ser vi hur deras intressen och talanger b\u00f6rjar blomstra. Danny och hans partner str\u00e4var efter att st\u00f6dja dem i deras aktiviteter. En balanserad uppfostran kan ge dem en stabil grund f\u00f6r framtiden.<\/p>\n<p>Utan tvivel kommer <strong>danny saucedo barn<\/strong> att forts\u00e4tta att v\u00e4xa och f\u00f6r\u00e4ndras. Det \u00e4r sp\u00e4nnande att t\u00e4nka p\u00e5 hur deras liv kommer att utvecklas, och vilka v\u00e4gval de kommer att g\u00f6ra. Deras f\u00f6r\u00e4ldrars k\u00e4rlek och st\u00f6d kommer att vara avg\u00f6rande.<\/p>\n<p>F\u00f6r mer information om danny saucedo och hans liv, kan du bes\u00f6ka <a href=\"https:\/\/sv.wikipedia.org\/wiki\/Danny_Saucedo\" target=\"_blank\" rel=\"noopener\">Wikipedia<\/a>, d\u00e4r du hittar mer detaljer kring hans karri\u00e4r och familjeliv.<\/p>\n<p>Ut\u00f6ver det, f\u00f6r insikter om f\u00f6r\u00e4ldraskap, rekommenderas sidan <a href=\"https:\/\/www.braforaldrar.se\/\" target=\"_blank\" rel=\"noopener\">Bra F\u00f6r\u00e4ldrar<\/a>. F\u00f6r en djupare f\u00f6rst\u00e5else om offentlig livsstil och dess p\u00e5verkan, kan du bes\u00f6ka <a href=\"https:\/\/www.sydsvenskan.se\/\" target=\"_blank\" rel=\"noopener\">Sydsvenskan<\/a>. Dessa resurser erbjuder v\u00e4rdefull information f\u00f6r dem som vill l\u00e4ra sig mer.<\/p>\n<h2><span class=\"ez-toc-section\" id=\"danny_saucedo_barn-2\"><\/span>danny saucedo barn<span class=\"ez-toc-section-end\"><\/span><\/h2>\n<h2><span class=\"ez-toc-section\" id=\"Familjeliv_och_privatperson\"><\/span>Familjeliv och privatperson<span class=\"ez-toc-section-end\"><\/span><\/h2>\n<p><strong>Danny Saucedo barn<\/strong> \u00e4r en aspekt av hans liv som fascinerar m\u00e5nga fans. Artisten har alltid h\u00e5llit sitt familjeliv relativt privat. Trots detta, har han n\u00e4mnt i intervjuer hur viktigt det \u00e4r f\u00f6r honom med familjen. Dandelogen \u00e4r att skapa en stabil milj\u00f6 f\u00f6r sina barn, om han skulle f\u00e5 s\u00e5dana. Denna omtanke genomsyrar hans livsval.<\/p>\n<p>Med ett hektiskt schema som artist, f\u00f6rs\u00f6ker <strong>Danny Saucedo barn<\/strong> och familj att hitta tid f\u00f6r varandra. Han v\u00e4rdes\u00e4tter dessa stunder och delar ofta med sig av sina upplevelser. Det kan handla om b\u00e5de stora och sm\u00e5 \u00f6gonblick i vardagen. Dessa ber\u00e4ttelser skapar en djupare f\u00f6rst\u00e5else f\u00f6r hans personlighet.<\/p>\n<p>Familjens betydelse syns ocks\u00e5 i hans musik. Han skriver mycket utifr\u00e5n sina egna erfarenheter och k\u00e4nslor. I flera l\u00e5tar refererar han indirekt till k\u00e4rleken till familjen. Detta g\u00f6r hans konstn\u00e4rliga uttryck mer relaterbart f\u00f6r hans m\u00e5lgrupp. Sammanhanget ger en k\u00e4nsla av autenticitet.<\/p>\n<p>Danny snackar ibland om framtidsdr\u00f6mmar om barn och hur dessa visioner ser ut. Att skapa minnen och traditioner \u00e4r n\u00e5got han \u00f6nskar. Genom att vara en del av sitt barns liv, vill han ocks\u00e5 ge dem v\u00e4rdefulla livserfarenheter. S\u00e5ledes bidrar hans tankar kring <strong>danny saucedo barn<\/strong> till en bredare kontext \u00e4n bara hans musik.<\/p>\n<h3><span class=\"ez-toc-section\" id=\"Intervjuer_och_medieframtradanden\"><\/span>Intervjuer och medieframtr\u00e4danden<span class=\"ez-toc-section-end\"><\/span><\/h3>\n<p>Genom olika intervjuer har <strong>Danny Saucedo barn<\/strong> kommit upp som ett \u00e5terkommande \u00e4mne. Han delar ibland sina tankar om f\u00f6r\u00e4ldraskap och dess utmaningar. \u00c4ven snabba fr\u00e5gor om sitt privatliv tas upp f\u00f6r att ge en glimt in i hans familjeliv. Hans svar \u00e4r ofta v\u00e4lgenomt\u00e4nkta.<\/p>\n<p>Media har st\u00e4llt fr\u00e5gor om hur han balanserar livet som artist med potentiellt f\u00f6r\u00e4ldraskap. Danny framh\u00e4ver vikten av tid och engagemang. Han ger \u00e4ven exempel p\u00e5 hur m\u00e5nga artister han k\u00e4nner som brottas med samma fr\u00e5gor. Det \u00e4r en del av livets resa, enligt honom.<\/p>\n<p>Genom sina sociala medier f\u00e5r fansen ibland ta del av hans personliga reflektioner. Sj\u00e4lvklart \u00e4r dessa inl\u00e4gg framvuxna av nyfikenhet kring <strong>Danny Saucedo barn<\/strong>. Det bjuder \u00e4ven in till massor av interaktion och diskussioner bland f\u00f6ljare. Vissa g\u00e5nger g\u00f6r han det p\u00e5 ett humoristiskt s\u00e4tt.<\/p>\n<h3><span class=\"ez-toc-section\" id=\"Barndom_och_uppvaxt\"><\/span>Barndom och uppv\u00e4xt<span class=\"ez-toc-section-end\"><\/span><\/h3>\n<p>Danny Saucedo har en bakgrund som starkt pr\u00e4glat honom. Hans barndom inneh\u00f6ll musik, vilket ocks\u00e5 g\u00e5r l\u00e4nge tillbaka. Musikens g\u00e5va var central redan i tidiga \u00e5r. \u00c5terkopplingen till barndomen formar hans syn p\u00e5 liv och konst.<\/p>\n<p>Familjeband har alltid varit starka, och till och med i unga \u00e5r fanns en \u00f6nskan om egna barn. K\u00e4nslan \u00e4r fortsatt och genomsyrar hans musikaliska texter. Barnens plats i hans hj\u00e4rta f\u00e5r ofta uttryck i hans konst. Detta g\u00f6r att kulturen av <strong>Danny Saucedo barn<\/strong> blir o\u00e5tkomlig f\u00f6r s\u00e5 m\u00e5nga fans.<\/p>\n<p>Denna uppfostran i en stabil och k\u00e4rleksfull milj\u00f6 har ocks\u00e5 lett till reflektioner om framtiden. Att inspireras av sin egen barndom \u00e4r n\u00e5got han regelbundet tar del av. Genom att blicka bak\u00e5t kan han ocks\u00e5 navigera sin v\u00e4g fram\u00e5t.<\/p>\n<h2><span class=\"ez-toc-section\" id=\"Framtidsplaner_och_drommar\"><\/span>Framtidsplaner och dr\u00f6mmar<span class=\"ez-toc-section-end\"><\/span><\/h2>\n<p>Danny har ofta pratat om framtida ambitioner n\u00e4r det kommer till <strong>Danny Saucedo barn<\/strong>. Han illusterar sina dr\u00f6mmar om familj och hur han ser p\u00e5 f\u00f6r\u00e4ldraskapet. Denna vision formar m\u00e5ls\u00e4ttningarna i hans karri\u00e4r och liv. Att s\u00e4tta positiva exempel \u00e4r viktigt f\u00f6r honom.<\/p>\n<p>Artisten har en klar plan f\u00f6r att bli den typen av f\u00f6r\u00e4lder han sj\u00e4lv alltid velat ha. Detta skapar en stark motivering i hans arbete. Involveringen i hans framtida barns liv st\u00e5r alltid i fokus. Att lyckas med balans mellan karri\u00e4r och familj \u00e4r viktigt f\u00f6r honom.<\/p>\n<p>Musiken kommer f\u00f6rmodligen att forts\u00e4tta spegla hans livserfarenhet. L\u00e5tar som handlar om k\u00e4rlek, relationer och familj kan bli vanliga. Inspelningarna \u00e4r ofta neds\u00e4nkta i personliga upplevelser. Fansen kan f\u00f6rv\u00e4nta sig musik med djupare betydelse i framtiden.<\/p>\n<h3><span class=\"ez-toc-section\" id=\"Inspirationskallor\"><\/span>Inspirationsk\u00e4llor<span class=\"ez-toc-section-end\"><\/span><\/h3>\n<p>Danny Saucedo h\u00e4mtar inspiration fr\u00e5n olika h\u00e5ll, vilket kan inkludera <strong>Danny Saucedo barn<\/strong>. Hans relationer och upplevelser levererar k\u00e4nslor till musiken. Det finns tydliga influenser fr\u00e5n hans liv som f\u00f6rmedlas genom texter. D\u00e4rf\u00f6r \u00e4r han en s\u00e5 m\u00e5ngsidig artist.<\/p>\n<p>Han har \u00e4ven tagit inspiration fr\u00e5n kulturella f\u00f6rebilder som p\u00e5verkat hans musikaliska v\u00e4g. Detta skapar en djupare dimension till hans l\u00e5tar. Att se livet genom en kreativ lins och hur det relaterar till barn blir avg\u00f6rande. Att f\u00f6rst\u00e5 olika perspektiv \u00e4r viktigt i hans konst.<\/p>\n<p>I sina kreativt framsynta tankar ser han p\u00e5 v\u00e4rlden med barnens \u00f6gon. Det ger nya insikter och skapar k\u00e4nslor som g\u00e5r \u00f6ver generationerna. P\u00e5 s\u00e5 s\u00e4tt fortlever hans musik och hans budskap, i f\u00f6rh\u00e5llande till <strong>Danny Saucedo barn<\/strong>.<\/p>\n<h2><span class=\"ez-toc-section\" id=\"Sammanflatning_av_musik_och_familj\"><\/span>Sammanfl\u00e4tning av musik och familj<span class=\"ez-toc-section-end\"><\/span><\/h2>\n<p><\/p>\n<div id='video-container' data-video-id='cBaaxItEN0s' style='width:100%; height:auto; max-width:587px; position: relative;'>\n<div class='image-video-plugin' style='background:url(\"https:\/\/img.youtube.com\/vi\/cBaaxItEN0s\/0.jpg\") center no-repeat; background-size: cover;'><\/div>\n<p>        <span class='youtube-play-button'><\/span><br \/>\n        <noscript><a href=\"https:\/\/www.youtube.com\/watch?v=cBaaxItEN0s\" target=\"_blank\" rel=\"noopener\">Play on YouTube<\/a><\/noscript>\n    <\/div>\n<p><\/p>\n<p>Det \u00e4r intressant att se hur <strong>Danny Saucedo barn<\/strong> \u00e4r en del av hans musikaliska ber\u00e4ttelse. Genom att blanda personliga erfarenheter med professionella ambitioner f\u00e5r han unik f\u00f6rm\u00e5ga att ber\u00f6ra. Musiken skapar en plattform f\u00f6r att uttrycka k\u00e4nslor. Dessa k\u00e4nslor kommer att forts\u00e4tta fl\u00f6da i framtiden.<\/p>\n<p>Han \u00e5terspeglar ofta sin potential som f\u00f6r\u00e4lder i l\u00e5ttexterna. Det g\u00f6r hans musik mer relaterbar f\u00f6r lyssnare. N\u00e4r andra g\u00f6r samma erfarenhet, hittar de tr\u00f6st och gemenskap. Det g\u00f6r att relationen mellan konstn\u00e4r och publik blir \u00e4nnu starkare.<\/p>\n<p>Danny ser musiken som en kanal f\u00f6r att dela sina livsh\u00e4ndelser. Genom att blanda in sin syn p\u00e5 <strong>Danny Saucedo barn<\/strong> skapas en f\u00e4rgstark ber\u00e4ttelse. Denna narrativ kan navigera mellan gl\u00e4dje och sorg, styrka och s\u00e5rbarhet. Symbiosen mellan musik och familj bildar en djup resonans.<\/p>\n<h3><span class=\"ez-toc-section\" id=\"Liveframtradanden_och_familjekopplingar\"><\/span>Liveframtr\u00e4danden och familjekopplingar<span class=\"ez-toc-section-end\"><\/span><\/h3>\n<p>Under sina liveframtr\u00e4danden f\u00f6rs\u00f6ker Danny att inkludera element av sin familj. Varje framtr\u00e4dande blir en festlighet av gemenskap p\u00e5 scen och i publiken. M\u00e5nga l\u00e5tar \u00e5terspeglar hans liv och f\u00e5r publikens st\u00f6d. Att se sin konst utryckas live \u00e4r oers\u00e4ttligt.<\/p>\n<p>Familjens inverkan i musikaliska upplevelser syns i energin som skapas. Fansen identifierar sig med hans ber\u00e4ttelser om <strong>Danny Saucedo barn<\/strong>. Relationerna som knyts b\u00e5de i och utanf\u00f6r musiken blir ov\u00e4rderliga. Han letar alltid efter nya s\u00e4tt att f\u00f6ra in dessa k\u00e4nslor.<\/p>\n<p>M\u00f6jligheten att visa sina barn framtiden \u00e4r n\u00e5got han dr\u00f6mmer om. Att leva genom musiken ger honom skratt och f\u00f6rundran. Konserter blir en plattform f\u00f6r att visa den v\u00e4rlden han vill bygga. Fansen f\u00e5r vara med p\u00e5 den resan fram\u00f6ver.<\/p>\n<p>F\u00f6r mer information om <a href=\"https:\/\/sv.wikipedia.org\/wiki\/Danny_Saucedo\" target=\"_blank\" rel=\"noopener\">Danny Saucedo<\/a> och hans liv, kan du bes\u00f6ka hans Wikipedia-sida. Du kan \u00e4ven l\u00e4sa om f\u00f6r\u00e4ldraskap p\u00e5 <a href=\"https:\/\/www.barnkanalen.se\/\" target=\"_blank\" rel=\"noopener\">Barnkanalen<\/a>. En annan resurs \u00e4r <a href=\"https:\/\/www.ockupation.se\/\" target=\"_blank\" rel=\"noopener\">Ockupation<\/a>, som belyser familjefr\u00e5gor.<\/p>\n<h2><span class=\"ez-toc-section\" id=\"Danny_Saucedo_som_en_forebild\"><\/span>Danny Saucedo som en f\u00f6rebild<span class=\"ez-toc-section-end\"><\/span><\/h2>\n<h2><span class=\"ez-toc-section\" id=\"Danny_Saucedo_barn\"><\/span>Danny Saucedo barn<span class=\"ez-toc-section-end\"><\/span><\/h2>\n<h2><span class=\"ez-toc-section\" id=\"Familjeliv_och_privatliv\"><\/span>Familjeliv och privatliv<span class=\"ez-toc-section-end\"><\/span><\/h2>\n<p>Danny Saucedo \u00e4r en k\u00e4nd svensk artist som har gjort stort intryck p\u00e5 musikscenen. Hans <strong>familjeliv<\/strong> har alltid varit en intressant aspekt f\u00f6r hans fans. Att veta att han har ett barn ger en mer personlig dimension till hans offentliga persona. Danny \u00e4r k\u00e4nd f\u00f6r att h\u00e5lla sitt privatliv ganska avskilt, men han har inte tvekat att dela \u00f6gonblick med sitt <strong>barn<\/strong> genom sociala medier.<\/p>\n<p>F\u00f6r m\u00e5nga av hans beundrare \u00e4r det inspirerande att se hur han balanserar <strong>karri\u00e4r<\/strong> och familjeliv. sj\u00e4lva f\u00f6r\u00e4ldraskapet kan vara \u00f6verv\u00e4ldigande, men Danny verkar ta sig an utmaningarna med gl\u00e4dje. Han \u00e5tar sig att ge sitt <strong>barn<\/strong> den trygghet och k\u00e4rlek som varje unga beh\u00f6ver f\u00f6r att v\u00e4xa upp lyckligt.<\/p>\n<p>Att vara en offentlig person kan g\u00f6ra det sv\u00e5rare att uppr\u00e4tth\u00e5lla ett privat liv, men Danny Saucedo har lyckats ganska bra. Genom att vara selektiv med informationen han delar, lyckas han beh\u00e5lla en viss <strong>privathet<\/strong> framf\u00f6r sina fans. M\u00e5nga f\u00f6ljer hans resa genom livet och \u00e4r glada att f\u00e5 en inblick i hans familj.<\/p>\n<p>Danny fokuserar p\u00e5 att skapa minnen med sin familj i st\u00e4llet f\u00f6r att alltid vara i rampljuset. Att se och h\u00f6ra om hans upplevelser som f\u00f6r\u00e4lder \u00e4r n\u00e5got som uppskattas av m\u00e5nga. Det ger en v\u00e4rme till hans persona, som g\u00e5r bortom musiken.<\/p>\n<h3><span class=\"ez-toc-section\" id=\"Forhallandet_med_sitt_barn\"><\/span>F\u00f6rh\u00e5llandet med sitt barn<span class=\"ez-toc-section-end\"><\/span><\/h3>\n<p>Relationen mellan Danny och hans <strong>barn<\/strong> \u00e4r n\u00e5got som verkligen st\u00e5r i fokus i hans liv. Han har inte bara visat sig vara en duktig artist, utan ocks\u00e5 en k\u00e4rleksfull far. Genom kreativa aktiviteter, s\u00e5som musik och konst, hj\u00e4lper han sitt <strong>barn<\/strong> att utforska deras talanger. Detta \u00e4r n\u00e5got som m\u00e5nga unga f\u00f6r\u00e4ldrar kan relatera till.<\/p>\n<p>Danny har delat flera bilder p\u00e5 sociala medier d\u00e4r han introducerar sitt <strong>barn<\/strong> f\u00f6r musikens v\u00e4rld. Att forma en musikalisk milj\u00f6 kan ge stora f\u00f6rdelar under barnets utveckling. Detta \u00e4r n\u00e5got som ocks\u00e5 f\u00f6rklarar hans passion f\u00f6r att skapa minnen med sin familj.<\/p>\n<p>Han l\u00e4gger stor vikt vid kvalitetstid med sitt <strong>barn<\/strong>. Detta inkluderar allt fr\u00e5n gemensamma aktiviteter till att bara ha kul tillsammans. F\u00f6r Danny \u00e4r det viktigt att bygga en stark och trygg relation, s\u00e5 att hans <strong>barn<\/strong> alltid k\u00e4nner sig \u00e4lskad och st\u00f6ttad.<\/p>\n<p>Att v\u00e4xa i en musikalisk milj\u00f6 kan bidra till en specialiserad uppfostran. Danny Saucedo str\u00e4var efter att ge sitt <strong>barn<\/strong> de b\u00e4sta f\u00f6ruts\u00e4ttningarna i livet, n\u00e5got som m\u00e5nga beundrar hos honom.<\/p>\n<h3><span class=\"ez-toc-section\" id=\"Offentlig_bild_och_paverkan\"><\/span>Offentlig bild och p\u00e5verkan<span class=\"ez-toc-section-end\"><\/span><\/h3>\n<p>Med stor offentlig uppm\u00e4rksamhet har Danny Saucedo ett ansvar att f\u00f6reg\u00e5 med gott exempel. Hans <strong>familjeliv<\/strong> och uppfostran av sitt <strong>barn<\/strong> p\u00e5verkar hur m\u00e5nga ser upp till honom. Det \u00e4r en stor press, men Danny har visat sig vara en positiv f\u00f6rebild. Genom att dela sin resa skapar han ocks\u00e5 en koppling till sina fans.<\/p>\n<p>Danny betonar vikten av att vara \u00f6ppen med sitt <strong>barn<\/strong>. Han menar att en god kommunikation kan bygga starkare relationer, vilket ocks\u00e5 kommer att hj\u00e4lpa i <strong>familjelivet<\/strong>. Hans filosofi p\u00e5verkar m\u00e5nga och ger inspiration till andra f\u00f6r\u00e4ldrar.<\/p>\n<p>En viktig del av hans offentliga bild handlar om att lyfta fram positiva v\u00e4rden. Danny vill att fans ska inspireras av hans familjeliv och se hur viktigt det \u00e4r att vara en n\u00e4rvarande f\u00f6r\u00e4lder. M\u00e5nga uppskattar hans tydliga fokusering p\u00e5 vad som verkligen betyder n\u00e5got.<\/p>\n<p>Att kunna kombinera musikaliska framsteg med att vara en engagerad f\u00f6r\u00e4lder \u00e4r en balansg\u00e5ng. Danny Saucedo lyckas hantera denna livsstil p\u00e5 ett beundransv\u00e4rt s\u00e4tt och ger en f\u00f6rebild f\u00f6r andra.<\/p>\n<h3><span class=\"ez-toc-section\" id=\"Inspiration_och_framtidsplaner\"><\/span>Inspiration och framtidsplaner<span class=\"ez-toc-section-end\"><\/span><\/h3>\n<p>Inspiration \u00e4r en central aspekt av Danny Saucedos liv. Hans <strong>barn<\/strong> \u00e4r en stor motivationsk\u00e4lla i hans kreativitet. Till skillnad fr\u00e5n m\u00e5nga som kanske ser f\u00f6r\u00e4ldraskap som en utmaning, ser Danny det som en inspirerande resa. Genom sitt <strong>barn<\/strong> f\u00e5r han nya perspektiv och id\u00e9er.<\/p>\n<p>Danny Saucedo planerar alltid fram\u00e5t. Hans ambitioner str\u00e4cker sig \u00f6ver musikalisk karri\u00e4r, men han dr\u00f6mmer ocks\u00e5 om att vara en fantastisk pappa. Genom att s\u00e4tta upp m\u00e5l b\u00e5de som artist och far, visar han sina v\u00e4rderingar av ansvar och engagemang f\u00f6r familj.<\/p>\n<p>Det kan bli intressant att se hur hans <strong>barn<\/strong> p\u00e5verkar hans framtida musikaliska projekt. Danny \u00e4r medveten om betydelsen av att involvera den yngre generationen i musiken, n\u00e5got som m\u00e5nga artister har gjort, och det kommer sannolikt \u00e4ven han g\u00f6ra.<\/p>\n<p>Att se hur hans liv som f\u00f6r\u00e4lder influerar hans musik \u00e4r n\u00e5got som m\u00e5nga fans ser fram emot. Det \u00e4r tydligt att Danny kommer att forts\u00e4tta inspirera b\u00e5de sina n\u00e4ra och sin publik med sin k\u00e4rlek f\u00f6r b\u00e5de musik och familjen.<\/p>\n<h2><span class=\"ez-toc-section\" id=\"Sociala_medier_och_interaktion\"><\/span>Sociala medier och interaktion<span class=\"ez-toc-section-end\"><\/span><\/h2>\n<p>Sociala medier har blivit en viktig plattform f\u00f6r Danny Saucedo att dela sitt liv. Genom dessa plattformar kan han interagera med sina fans samt dela \u00f6gonblick fr\u00e5n sitt <strong>familjeliv<\/strong>. Det \u00e4r ett s\u00e4tt att visa att bakom varje stj\u00e4rna finns en m\u00e4nniska med ett <strong>barn<\/strong> och en familj.<\/p>\n<p>Att dela bilder och videor av sitt <strong>barn<\/strong> skapar en relation mellan honom och hans fans. M\u00e5nga uppskattar att f\u00e5 se denna sida av honom. Detta st\u00e4rker bandet och g\u00f6r att fans k\u00e4nner sig mer involverade i hans liv.<\/p>\n<p>Annons\u00f6rerna \u00e4r medvetna om v\u00e4rdet av en stark social n\u00e4rvaro. Genom att anv\u00e4nda sociala medier effektivt kan Danny n\u00e5 en bredare publik och njuta av att dela sitt liv. Det g\u00f6r honom mer tillg\u00e4nglig och relaterbar, speciellt n\u00e4r han ber\u00f6r \u00e4mnen som <strong>barn<\/strong>uppfostran.<\/p>\n<p>Interaktionerna p\u00e5 sociala medier ger also en perfekt m\u00f6jlighet f\u00f6r fans att st\u00e4lla fr\u00e5gor. M\u00e5nga \u00e4r nyfikna p\u00e5 hur han jonglerar mellan ett hektiskt schema och ett <strong>familjeliv<\/strong>. Att svara p\u00e5 dessa fr\u00e5gor bygger \u00e4nnu mer intimitet och f\u00f6rst\u00e5else.<\/p>\n<h3><span class=\"ez-toc-section\" id=\"Forebild_for_andra\"><\/span>F\u00f6rebild f\u00f6r andra<span class=\"ez-toc-section-end\"><\/span><\/h3>\n<p>Danny Saucedo blir en f\u00f6rebild f\u00f6r m\u00e5nga som str\u00e4var efter att kombinera karri\u00e4r och familj. Hans st\u00e4llning som artist g\u00f6r att han har m\u00f6jlighet att influera och inspirera b\u00e5de unga f\u00f6r\u00e4ldrar och artister. Det \u00e4r viktigt f\u00f6r honom att visa att man kan ha ett <strong>familjeliv<\/strong> utan att tumma p\u00e5 sina dr\u00f6mmar.<\/p>\n<p>Att vara n\u00e4rvarande f\u00f6r sitt <strong>barn<\/strong> samtidigt som man jagar sina m\u00e5l \u00e4r en balansakt. Danny lyckas verkligen med detta, och han visar att det \u00e4r m\u00f6jligt att vara dedikerad p\u00e5 b\u00e5da omr\u00e5dena. Genom att vara \u00f6ppen om sina erfarenheter hj\u00e4lper han andra att navigera liknande utmaningar.<\/p>\n<p>F\u00f6r m\u00e5nga \u00e4r Danny en inspirationsk\u00e4lla n\u00e4r det kommer till att prioritera sin tid med familjen. Hans engagemang och k\u00e4rlek f\u00f6r sitt <strong>barn<\/strong> inspirerar andra f\u00f6r\u00e4ldrar att g\u00f6ra detsamma, oavsett vilka omst\u00e4ndigheter de st\u00e5r inf\u00f6r.<\/p>\n<p>Att se en popul\u00e4r artist som prioritera s\u00e5dana viktiga livsv\u00e4rderingar \u00e4r ett gl\u00e4djande tecken. Det visar att <strong>familjelivet<\/strong> och engagemanget med sitt <strong>barn<\/strong> alltid ska st\u00e5 i centrum, oavsett karri\u00e4rens krav.<\/p>\n<h3><span class=\"ez-toc-section\" id=\"Reflektion_over_foraldraskap\"><\/span>Reflektion \u00f6ver f\u00f6r\u00e4ldraskap<span class=\"ez-toc-section-end\"><\/span><\/h3>\n<p>Danny Saucedo reflekterar ofta \u00f6ver sin resa som f\u00f6r\u00e4lder. Han betonar hur mycket <strong>barn<\/strong> f\u00f6rvandlar ens liv och ger det nya perspektiv. Genom personliga ber\u00e4ttelser hoppas han att inspirera andra f\u00f6r\u00e4ldrar att s\u00e4tta sina familjer f\u00f6rst.<\/p>\n<p>Att vara f\u00f6r\u00e4lder \u00e4r en livsl\u00e5ng l\u00e4rdom. Danny vill att hans <strong>barn<\/strong> ska veta att de alltid kommer vara hans st\u00f6rsta prioritet. Det \u00e4r viktigt f\u00f6r honom att vara en god l\u00e4rare och v\u00e4gledare, och han arbetar konstant p\u00e5 sin f\u00f6rm\u00e5ga att vara det.<\/p>\n<p>Reflektionerna \u00f6ver hans liv och <strong>familjeliv<\/strong> fr\u00e4mjar en \u00f6kad medvetenhet om det viktiga i att vara n\u00e4rvarande. F\u00f6r unga f\u00f6r\u00e4ldrar som f\u00f6ljer honom, blir det tydligt hur v\u00e4rdefullt det \u00e4r att vara engagerad och st\u00f6ttande.<\/p>\n<p>Att ha det perspektivet hj\u00e4lper honom ocks\u00e5 som artist att skriva och skapa musik som ber\u00f6r. N\u00e5got som m\u00e5nga av hans fans uppskattar, d\u00e5 det g\u00f6r hans verk \u00e4nnu mer autentiska och relaterbara.<\/p>\n<h2><span class=\"ez-toc-section\" id=\"Allmanna_insikter\"><\/span>Allm\u00e4nna insikter<span class=\"ez-toc-section-end\"><\/span><\/h2>\n<p>Danny Saucedo barn ber\u00f6r m\u00e5nga och g\u00e5r bortom bara en artist; han har blivit en stark symbol f\u00f6r f\u00f6r\u00e4ldraskapets betydelse. Hans f\u00f6rm\u00e5ga att f\u00f6rena sitt arbete med <strong>familjeliv<\/strong> skapar en positiv bild av hur k\u00e4ndisar kan agera. M\u00e5nga har l\u00e4rt sig av hans positiva attityd och engagemang f\u00f6r sitt barn.<\/p>\n<p>Genom sina upplevelser och delande av \u00f6gonblick i vardagen bjuder Danny in sina f\u00f6ljare att reflektera \u00f6ver sina egna livsomst\u00e4ndigheter. Det \u00f6ppnar f\u00f6r diskussioner kring balansering av <strong>karri\u00e4r<\/strong> och familj, n\u00e5got som \u00e4r centralt i m\u00e5nga m\u00e4nniskors liv.<\/p>\n<p>Att han \u00e4r \u00f6ppen med sina utmaningar och triumfer g\u00f6r att \u00e4ven han framst\u00e5r som m\u00e4nsklig. Det \u00e4r inspirerande f\u00f6r andra som ocks\u00e5 ser flera roller i livet som en del av sin identitet. Hans historia visar att framg\u00e5ng kan komma i m\u00e5nga former, och <strong>familjelivet<\/strong> \u00e4r en av de mest v\u00e4rdefulla.<\/p>\n<p>Genom hans konst och kulturberikande \u00e5taganden forts\u00e4tter han att p\u00e5verka m\u00e5nga, och det faktum att han inkluderar sitt barn i sin resa ger en djupare dimension av hans offentliga liv. Det visar att <strong>familjelivet<\/strong> alltid har en plats \u00e4ven f\u00f6r stj\u00e4rnor.<\/p>\n<p><a href=\"https:\/\/sv.wikipedia.org\/wiki\/Danny_Saucedo\" target=\"_blank\" rel=\"noopener\">Wikipedia: Danny Saucedo<\/a><br \/>\n<a href=\"https:\/\/www.imdb.com\/name\/nm2132120\/\" target=\"_blank\" rel=\"noopener\">IMDB: Danny Saucedo<\/a><br \/>\n<a href=\"https:\/\/www.musikguiden.se\/\" target=\"_blank\" rel=\"noopener\">Musikguiden<\/a><\/p>\n<div id=\"ez-toc-container\" class=\"ez-toc-v2_0_87 ez-toc-wrap-center counter-hierarchy ez-toc-counter ez-toc-grey ez-toc-container-direction\">\n<div class=\"ez-toc-title-container\">\n<p class=\"ez-toc-title\" style=\"cursor:inherit\">Table of Contents<\/p>\n<span class=\"ez-toc-title-toggle\"><a href=\"#\" class=\"ez-toc-pull-right ez-toc-btn ez-toc-btn-xs ez-toc-btn-default ez-toc-toggle\" aria-label=\"Alternar tabla de contenidos\"><span class=\"ez-toc-js-icon-con\"><span class=\"\"><span class=\"eztoc-hide\" style=\"display:none;\">Toggle<\/span><span class=\"ez-toc-icon-toggle-span\"><svg style=\"fill: #999;color:#999\" xmlns=\"http:\/\/www.w3.org\/2000\/svg\" class=\"list-377408\" width=\"20px\" height=\"20px\" viewBox=\"0 0 24 24\" fill=\"none\"><path d=\"M6 6H4v2h2V6zm14 0H8v2h12V6zM4 11h2v2H4v-2zm16 0H8v2h12v-2zM4 16h2v2H4v-2zm16 0H8v2h12v-2z\" fill=\"currentColor\"><\/path><\/svg><svg style=\"fill: #999;color:#999\" class=\"arrow-unsorted-368013\" xmlns=\"http:\/\/www.w3.org\/2000\/svg\" width=\"10px\" height=\"10px\" viewBox=\"0 0 24 24\" version=\"1.2\" baseProfile=\"tiny\"><path d=\"M18.2 9.3l-6.2-6.3-6.2 6.3c-.2.2-.3.4-.3.7s.1.5.3.7c.2.2.4.3.7.3h11c.3 0 .5-.1.7-.3.2-.2.3-.5.3-.7s-.1-.5-.3-.7zM5.8 14.7l6.2 6.3 6.2-6.3c.2-.2.3-.5.3-.7s-.1-.5-.3-.7c-.2-.2-.4-.3-.7-.3h-11c-.3 0-.5.1-.7.3-.2.2-.3.5-.3.7s.1.5.3.7z\"\/><\/svg><\/span><\/span><\/span><\/a><\/span><\/div>\n<nav><ul class='ez-toc-list ez-toc-list-level-1 eztoc-toggle-hide-by-default' ><li class='ez-toc-page-1 ez-toc-heading-level-2'><a class=\"ez-toc-link ez-toc-heading-1\" href=\"https:\/\/ganardineroporinternet.me\/sw\/danny-saucedo-barn\/#danny_saucedo_barn\" >danny saucedo barn<\/a><\/li><li class='ez-toc-page-1 ez-toc-heading-level-2'><a class=\"ez-toc-link ez-toc-heading-2\" href=\"https:\/\/ganardineroporinternet.me\/sw\/danny-saucedo-barn\/#Familjeliv_och_foraldraskap\" >Familjeliv och f\u00f6r\u00e4ldraskap<\/a><\/li><li class='ez-toc-page-1 ez-toc-heading-level-2'><a class=\"ez-toc-link ez-toc-heading-3\" href=\"https:\/\/ganardineroporinternet.me\/sw\/danny-saucedo-barn\/#Danny_Saucedos_relation_till_sin_partner\" >Danny Saucedos relation till sin partner<\/a><\/li><li class='ez-toc-page-1 ez-toc-heading-level-2'><a class=\"ez-toc-link ez-toc-heading-4\" href=\"https:\/\/ganardineroporinternet.me\/sw\/danny-saucedo-barn\/#Sammanstallning_av_offentlig_och_privat_personlighet\" >Sammanst\u00e4llning av offentlig och privat personlighet<\/a><\/li><li class='ez-toc-page-1 ez-toc-heading-level-2'><a class=\"ez-toc-link ez-toc-heading-5\" href=\"https:\/\/ganardineroporinternet.me\/sw\/danny-saucedo-barn\/#Framtidsutsikter_for_barnen\" >Framtidsutsikter f\u00f6r barnen<\/a><\/li><li class='ez-toc-page-1 ez-toc-heading-level-2'><a class=\"ez-toc-link ez-toc-heading-6\" href=\"https:\/\/ganardineroporinternet.me\/sw\/danny-saucedo-barn\/#danny_saucedo_barn-2\" >danny saucedo barn<\/a><\/li><li class='ez-toc-page-1 ez-toc-heading-level-2'><a class=\"ez-toc-link ez-toc-heading-7\" href=\"https:\/\/ganardineroporinternet.me\/sw\/danny-saucedo-barn\/#Familjeliv_och_privatperson\" >Familjeliv och privatperson<\/a><ul class='ez-toc-list-level-3' ><li class='ez-toc-heading-level-3'><a class=\"ez-toc-link ez-toc-heading-8\" href=\"https:\/\/ganardineroporinternet.me\/sw\/danny-saucedo-barn\/#Intervjuer_och_medieframtradanden\" >Intervjuer och medieframtr\u00e4danden<\/a><\/li><li class='ez-toc-page-1 ez-toc-heading-level-3'><a class=\"ez-toc-link ez-toc-heading-9\" href=\"https:\/\/ganardineroporinternet.me\/sw\/danny-saucedo-barn\/#Barndom_och_uppvaxt\" >Barndom och uppv\u00e4xt<\/a><\/li><\/ul><\/li><li class='ez-toc-page-1 ez-toc-heading-level-2'><a class=\"ez-toc-link ez-toc-heading-10\" href=\"https:\/\/ganardineroporinternet.me\/sw\/danny-saucedo-barn\/#Framtidsplaner_och_drommar\" >Framtidsplaner och dr\u00f6mmar<\/a><ul class='ez-toc-list-level-3' ><li class='ez-toc-heading-level-3'><a class=\"ez-toc-link ez-toc-heading-11\" href=\"https:\/\/ganardineroporinternet.me\/sw\/danny-saucedo-barn\/#Inspirationskallor\" >Inspirationsk\u00e4llor<\/a><\/li><\/ul><\/li><li class='ez-toc-page-1 ez-toc-heading-level-2'><a class=\"ez-toc-link ez-toc-heading-12\" href=\"https:\/\/ganardineroporinternet.me\/sw\/danny-saucedo-barn\/#Sammanflatning_av_musik_och_familj\" >Sammanfl\u00e4tning av musik och familj<\/a><ul class='ez-toc-list-level-3' ><li class='ez-toc-heading-level-3'><a class=\"ez-toc-link ez-toc-heading-13\" href=\"https:\/\/ganardineroporinternet.me\/sw\/danny-saucedo-barn\/#Liveframtradanden_och_familjekopplingar\" >Liveframtr\u00e4danden och familjekopplingar<\/a><\/li><\/ul><\/li><li class='ez-toc-page-1 ez-toc-heading-level-2'><a class=\"ez-toc-link ez-toc-heading-14\" href=\"https:\/\/ganardineroporinternet.me\/sw\/danny-saucedo-barn\/#Danny_Saucedo_som_en_forebild\" >Danny Saucedo som en f\u00f6rebild<\/a><\/li><li class='ez-toc-page-1 ez-toc-heading-level-2'><a class=\"ez-toc-link ez-toc-heading-15\" href=\"https:\/\/ganardineroporinternet.me\/sw\/danny-saucedo-barn\/#Danny_Saucedo_barn\" >Danny Saucedo barn<\/a><\/li><li class='ez-toc-page-1 ez-toc-heading-level-2'><a class=\"ez-toc-link ez-toc-heading-16\" href=\"https:\/\/ganardineroporinternet.me\/sw\/danny-saucedo-barn\/#Familjeliv_och_privatliv\" >Familjeliv och privatliv<\/a><ul class='ez-toc-list-level-3' ><li class='ez-toc-heading-level-3'><a class=\"ez-toc-link ez-toc-heading-17\" href=\"https:\/\/ganardineroporinternet.me\/sw\/danny-saucedo-barn\/#Forhallandet_med_sitt_barn\" >F\u00f6rh\u00e5llandet med sitt barn<\/a><\/li><li class='ez-toc-page-1 ez-toc-heading-level-3'><a class=\"ez-toc-link ez-toc-heading-18\" href=\"https:\/\/ganardineroporinternet.me\/sw\/danny-saucedo-barn\/#Offentlig_bild_och_paverkan\" >Offentlig bild och p\u00e5verkan<\/a><\/li><li class='ez-toc-page-1 ez-toc-heading-level-3'><a class=\"ez-toc-link ez-toc-heading-19\" href=\"https:\/\/ganardineroporinternet.me\/sw\/danny-saucedo-barn\/#Inspiration_och_framtidsplaner\" >Inspiration och framtidsplaner<\/a><\/li><\/ul><\/li><li class='ez-toc-page-1 ez-toc-heading-level-2'><a class=\"ez-toc-link ez-toc-heading-20\" href=\"https:\/\/ganardineroporinternet.me\/sw\/danny-saucedo-barn\/#Sociala_medier_och_interaktion\" >Sociala medier och interaktion<\/a><ul class='ez-toc-list-level-3' ><li class='ez-toc-heading-level-3'><a class=\"ez-toc-link ez-toc-heading-21\" href=\"https:\/\/ganardineroporinternet.me\/sw\/danny-saucedo-barn\/#Forebild_for_andra\" >F\u00f6rebild f\u00f6r andra<\/a><\/li><li class='ez-toc-page-1 ez-toc-heading-level-3'><a class=\"ez-toc-link ez-toc-heading-22\" href=\"https:\/\/ganardineroporinternet.me\/sw\/danny-saucedo-barn\/#Reflektion_over_foraldraskap\" >Reflektion \u00f6ver f\u00f6r\u00e4ldraskap<\/a><\/li><\/ul><\/li><li class='ez-toc-page-1 ez-toc-heading-level-2'><a class=\"ez-toc-link ez-toc-heading-23\" href=\"https:\/\/ganardineroporinternet.me\/sw\/danny-saucedo-barn\/#Allmanna_insikter\" >Allm\u00e4nna insikter<\/a><\/li><\/ul><\/nav><\/div>\n","protected":false},"excerpt":{"rendered":"<p>danny saucedo barn Danny Saucedo barn \u00e4r en intressant aspekt av den svenska pops\u00e5ngarens liv. M\u00e5nga fans undrar om hans familjeliv, speciellt hans barn. Information kring detta \u00e4mne \u00e4r ofta sparsam. Dock har Saucedo delat med sig av sina k\u00e4nslor och tankar kring att bli f\u00f6r\u00e4lder. Hans offentliga personlighet skapar en nyfikenhet kring hur han &hellip;<\/p>\n","protected":false},"author":1,"featured_media":547,"comment_status":"closed","ping_status":"closed","sticky":false,"template":"","format":"standard","meta":{"footnotes":""},"categories":[3],"tags":[],"class_list":["post-546","post","type-post","status-publish","format-standard","has-post-thumbnail","hentry","category-halsa"],"_links":{"self":[{"href":"https:\/\/ganardineroporinternet.me\/sw\/wp-json\/wp\/v2\/posts\/546","targetHints":{"allow":["GET"]}}],"collection":[{"href":"https:\/\/ganardineroporinternet.me\/sw\/wp-json\/wp\/v2\/posts"}],"about":[{"href":"https:\/\/ganardineroporinternet.me\/sw\/wp-json\/wp\/v2\/types\/post"}],"author":[{"embeddable":true,"href":"https:\/\/ganardineroporinternet.me\/sw\/wp-json\/wp\/v2\/users\/1"}],"replies":[{"embeddable":true,"href":"https:\/\/ganardineroporinternet.me\/sw\/wp-json\/wp\/v2\/comments?post=546"}],"version-history":[{"count":0,"href":"https:\/\/ganardineroporinternet.me\/sw\/wp-json\/wp\/v2\/posts\/546\/revisions"}],"wp:featuredmedia":[{"embeddable":true,"href":"https:\/\/ganardineroporinternet.me\/sw\/wp-json\/wp\/v2\/media\/547"}],"wp:attachment":[{"href":"https:\/\/ganardineroporinternet.me\/sw\/wp-json\/wp\/v2\/media?parent=546"}],"wp:term":[{"taxonomy":"category","embeddable":true,"href":"https:\/\/ganardineroporinternet.me\/sw\/wp-json\/wp\/v2\/categories?post=546"},{"taxonomy":"post_tag","embeddable":true,"href":"https:\/\/ganardineroporinternet.me\/sw\/wp-json\/wp\/v2\/tags?post=546"}],"curies":[{"name":"wp","href":"https:\/\/api.w.org\/{rel}","templated":true}]}}