{"id":371,"date":"2025-02-09T14:05:47","date_gmt":"2025-02-09T13:05:47","guid":{"rendered":"https:\/\/ganardineroporinternet.me\/sw\/2025\/02\/09\/peter-lemarc-sjuk\/"},"modified":"2025-02-09T14:05:47","modified_gmt":"2025-02-09T13:05:47","slug":"peter-lemarc-sjuk","status":"publish","type":"post","link":"https:\/\/ganardineroporinternet.me\/sw\/peter-lemarc-sjuk\/","title":{"rendered":"Peter Lemarc sjuk: 5 saker du beh\u00f6ver veta idag!"},"content":{"rendered":"<h2><span class=\"ez-toc-section\" id=\"Peter_Lemarc_sjuk_%E2%80%93_en_djupdykning_i_hans_halsa\"><\/span>Peter Lemarc sjuk &#8211; en djupdykning i hans h\u00e4lsa<span class=\"ez-toc-section-end\"><\/span><\/h2>\n<h2><span class=\"ez-toc-section\" id=\"Halsoproblem_och_sjukdomshistoria\"><\/span>H\u00e4lsoproblem och sjukdomshistoria<span class=\"ez-toc-section-end\"><\/span><\/h2>\n<p>Peter Lemarc har under \u00e5ren varit \u00f6ppen med sina <strong>h\u00e4lsoproblem<\/strong>. Han har lidit av olika sjukdomar, vilket har p\u00e5verkat hans musikaliska karri\u00e4r. Det har skapat oro bland fansen ang\u00e5ende hans framtid som artist. M\u00e5nga har f\u00f6ljt hans resa genom <strong>sv\u00e5righeter<\/strong> och utmaningar.<\/p>\n<p>Den senaste tiden har <strong>Peter Lemarc sjuk<\/strong> varit ett st\u00e4ndigt samtals\u00e4mne. Hans fysiska h\u00e4lsa har tagit emot mycket uppm\u00e4rksamhet i media. Det \u00e4r viktigt att f\u00f6rst\u00e5 de bakomliggande orsakerna till hans sjukdomar. Fansen har skapat st\u00f6dgrupper f\u00f6r att hj\u00e4lpa honom genom tuffa perioder.<\/p>\n<h3><span class=\"ez-toc-section\" id=\"Forsta_tecken_pa_sjukdom\"><\/span>F\u00f6rsta tecken p\u00e5 sjukdom<span class=\"ez-toc-section-end\"><\/span><\/h3>\n<p>De f\u00f6rsta symptomen av hans sjukdom b\u00f6rjade visa sig f\u00f6r flera \u00e5r sedan. Peter k\u00e4nde av tr\u00f6tthet och andra <strong>symtom<\/strong> som gjorde det sv\u00e5rt att framtr\u00e4da. M\u00e5nga av hans f\u00f6rest\u00e4llningar har blivit inst\u00e4llda eller kortade. Detta har p\u00e5verkat hans fans och deras st\u00f6d f\u00f6r honom.<\/p>\n<p>V\u00e4nner och kollegor har uttryckt oro f\u00f6r hans h\u00e4lsa. Det har lett till att Peter Lemarc fick upps\u00f6ka medicinsk hj\u00e4lp. F\u00f6r hans familj har detta varit en jobbigt tid, pr\u00e4glad av oro och os\u00e4kerhet om hans framtid.<\/p>\n<h3><span class=\"ez-toc-section\" id=\"Behandlingar_och_medicinska_insatser\"><\/span>Behandlingar och medicinska insatser<span class=\"ez-toc-section-end\"><\/span><\/h3>\n<p>Genom \u00e5ren har Peter genomg\u00e5tt flera behandlingar f\u00f6r sina sjukdomar. Det har kr\u00e4vt t\u00e5lamod och styrka. M\u00e5nga patienter i liknande situation kan relatera till hans upplevelser. Behandlingarna har haft olika utfall och har p\u00e5verkat hans beslut om att forts\u00e4tta sin musikaliska karri\u00e4r.<\/p>\n<p>Ofta prioriterar han sin h\u00e4lsa framf\u00f6r att upptr\u00e4da, vilket har resulterat i l\u00e4ngre pauser i karri\u00e4ren. Det finns en oh\u00e4lsosam press p\u00e5 artister, och att vara <strong>sjuk<\/strong> s\u00e4tter \u00e4nnu mer tryck p\u00e5 deras liv. \u00c5terh\u00e4mtning \u00e4r viktigt, inte minst f\u00f6r framtida projekt.<\/p>\n<h3><span class=\"ez-toc-section\" id=\"Stodet_from_fans_och_kollegor\"><\/span>St\u00f6det from fans och kollegor<span class=\"ez-toc-section-end\"><\/span><\/h3>\n<p>Peter har alltid haft ett starkt st\u00f6d fr\u00e5n sina fans. M\u00e5nga har visat upp <strong>solidaritet<\/strong> genom sociala medier och offentliga evenemang. Det har varit inspirerande att se hur fans samlas kring honom i sv\u00e5ra tider. St\u00f6det ger honom styrka att forts\u00e4tta k\u00e4mpa med sin sjukdom.<\/p>\n<p>Kollegor inom musikbranschen har ocks\u00e5 uttryckt sina k\u00e4nslor. De har kommit med uppmuntrande ord och erbjudit hj\u00e4lp. Dessa relationer \u00e4r viktiga f\u00f6r hans mentala h\u00e4lsa. Att ha en gemenskap omkring sig under tuffa tider kan g\u00f6ra en stor skillnad.<\/p>\n<h2><span class=\"ez-toc-section\" id=\"Peter_Lemarcs_musikaliska_karriar_paverkas\"><\/span>Peter Lemarcs musikaliska karri\u00e4r p\u00e5verkas<span class=\"ez-toc-section-end\"><\/span><\/h2>\n<p>Hans h\u00e4lsa p\u00e5verkar i stor utstr\u00e4ckning hans musikaliska karri\u00e4r. N\u00e4r man \u00e4r <strong>sjuk<\/strong> blir det tufft att utf\u00f6ra p\u00e5 scenen. Det kan leda till inst\u00e4llda konserter, vilket ocks\u00e5 p\u00e5verkar hans int\u00e4kter. M\u00e5nga fans har varit st\u00f6ttande och f\u00f6rst\u00e5ende, vilket har varit en tr\u00f6st f\u00f6r honom.<\/p>\n<p>Albumutgivningar har ocks\u00e5 p\u00e5verkats av hans <strong>sjukdom<\/strong>. Att skapa ny musik kr\u00e4ver en hel del energi och engagemang. D\u00e4rf\u00f6r har han tvingats prioritera sin h\u00e4lsa framf\u00f6r sin produktion. Det har varit en anpassningsprocess f\u00f6r b\u00e5de honom och hans fans.<\/p>\n<h3><span class=\"ez-toc-section\" id=\"Konserter_och_offentliga_framtradanden\"><\/span>Konserter och offentliga framtr\u00e4danden<span class=\"ez-toc-section-end\"><\/span><\/h3>\n<p>Peter har st\u00e5tt inf\u00f6r flera utmaningar n\u00e4r det kommer till konserter. Ett flertal evenemang har st\u00e4llts in, vilket skapat en viss os\u00e4kerhet. M\u00e5nga har uttryckt saknad av hans framtr\u00e4danden. Att f\u00e5 se honom live har varit en viktig del av hans fans liv.<\/p>\n<p>Under de senares framtr\u00e4danden har han gjort betydande anpassningar. Ibland upptr\u00e4der han bara p\u00e5 kortare set f\u00f6r att kunna hantera sin <strong>tr\u00f6tthet<\/strong>. Publiken har f\u00f6rst\u00e5tt situatioen och har varit helhj\u00e4rtat st\u00f6ttande. Denna gemenskap \u00e4r ov\u00e4rderlig f\u00f6r honom.<\/p>\n<h3><span class=\"ez-toc-section\" id=\"Framtid_och_kommande_projekt\"><\/span>Framtid och kommande projekt<span class=\"ez-toc-section-end\"><\/span><\/h3>\n<p>Framtiden f\u00f6r Peter Lemarc kan verka os\u00e4ker, men han planerar att forts\u00e4tta skapa musik. Det finns en stark l\u00e4ngtan att \u00e5terv\u00e4nda till scenen. Trots hans sjukdomar finns det projekt i pipeline som han vill f\u00f6rverkliga. Det \u00e4r ett bevis p\u00e5 hans ih\u00e4rdighet och k\u00e4rlek till musiken.<\/p>\n<p>Fans ser fram emot att h\u00f6ra mer fr\u00e5n honom. Med ett stort st\u00f6d fr\u00e5n b\u00e5de kollegor och publik k\u00e4nns framtiden n\u00e5got ljusare. Att k\u00e4mpa med sjukdom inneb\u00e4r ofta of\u00f6ruts\u00e4gbara hinder. Men med styrkan av den musikaliska gemenskapen bakom sig kan han \u00f6vervinna dessa sv\u00e5righeter.<\/p>\n<h2><span class=\"ez-toc-section\" id=\"Medias_roll_i_Peters_berattelse\"><\/span>Medias roll i Peters ber\u00e4ttelse<span class=\"ez-toc-section-end\"><\/span><\/h2>\n<p>Media har spelat en stor roll i hur v\u00e4rlden uppfattar Peter Lemarc sjuk. Genom artiklar och intervjuer har vi f\u00e5tt en inblick i hans liv och utmaningar. Det \u00e4r viktigt att representera s\u00e5dana ber\u00e4ttelser p\u00e5 ett ansvarsfullt s\u00e4tt. Peter har blivit en symbol f\u00f6r uth\u00e5llighet och styrka.<\/p>\n<p>Kritiken mot hur media skapar sensation kring hans sjukdom har ocks\u00e5 diskuterats. M\u00e5nga anser att det b\u00f6r finnas ett ansvar. Att fokusera p\u00e5 hans musikaliska arv och talang \u00e4r viktigt, snarare \u00e4n att bara rapportera om hans <strong>sjukdomar<\/strong>.<\/p>\n<h3><span class=\"ez-toc-section\" id=\"Sociala_medier_och_interaktion_med_fans\"><\/span>Sociala medier och interaktion med fans<span class=\"ez-toc-section-end\"><\/span><\/h3>\n<p>Peters n\u00e4rvaro p\u00e5 sociala medier g\u00f6r att han kan kommunicera direkt med sina fans. Genom dessa plattformar kan han dela b\u00e5de positiva och negativa stunder. Det har blivit en v\u00e4rdefull kanal f\u00f6r feedback och st\u00f6d. M\u00e5nga fans engagerar sig i hans liv och karri\u00e4r genom kommentarer och delningar.<\/p>\n<p>Det \u00e4r ett s\u00e4tt f\u00f6r honom att h\u00e5lla kontakten utan att alltid beh\u00f6va upptr\u00e4da. Genom <strong>sociala medier<\/strong> hanterar han sina h\u00e4lsoutmaningar samtidigt som han h\u00e5ller fans informerade. Det har skapat en djupare relation mellan honom och hans publik.<\/p>\n<h3><span class=\"ez-toc-section\" id=\"Rapportering_i_pressen\"><\/span>Rapportering i pressen<span class=\"ez-toc-section-end\"><\/span><\/h3>\n<p>Pressens rapportering kring Peters <strong>h\u00e4lsa<\/strong> har ibland varit \u00f6verdriven. Det har skapat missf\u00f6rst\u00e5nd och oro bland fansen. Att f\u00f6rst\u00e5 balansg\u00e5ngen mellan att informera och att sensationalisera \u00e4r avg\u00f6rande. Merparten av media vill ge en r\u00e4ttvis bild av hans situation.<\/p>\n<p>Intervjuer med Peter ger ofta kloka insikter. \u00c4ven om hans liv pr\u00e4glas av sv\u00e5righeter, forts\u00e4tter han att inspirera andra. Genom sin musik och sin ber\u00e4ttelse visar han att kampen mot <strong>sjukdomar<\/strong> g\u00e5r att \u00f6vervinna.<\/p>\n<h2><span class=\"ez-toc-section\" id=\"Sammanfattning_av_Peter_Lemarcs_situation\"><\/span>Sammanfattning av Peter Lemarcs situation<span class=\"ez-toc-section-end\"><\/span><\/h2>\n<p>Peters kamp med sjukdom har p\u00e5verkat b\u00e5de hans liv och karri\u00e4r. Trots m\u00e5nga hinder visar ha en stark vilja att forts\u00e4tta. Hans <strong>musikalitet<\/strong> och talang lyser starkare \u00e4n n\u00e5gonsin. Genom att m\u00f6ta sina sv\u00e5righeter har han blivit en symbol f\u00f6r styrka.<\/p>\n<p>Intresset kring Peter Lemarc sjuk har resulterat i en stor diskussion bland fans. M\u00e5nga har blivit medvetna om utmaningar som artister st\u00e5r inf\u00f6r. Hans ber\u00e4ttelse \u00e4r relevant f\u00f6r m\u00e5nga och belyser vikten av st\u00f6d och gemenskap.<\/p>\n<h3><span class=\"ez-toc-section\" id=\"Relationen_till_sin_publik\"><\/span>Relationen till sin publik<span class=\"ez-toc-section-end\"><\/span><\/h3>\n<p>Relationen till fansen har blivit en viktig del av hans resa. M\u00e5nga samlas f\u00f6r att ge sitt st\u00f6d och g\u00f6ra sin r\u00f6st h\u00f6rd. Det \u00e4r en gemenskap som ger extra styrka under tuffa perioder. Relationer inom musikv\u00e4rlden kan vara avg\u00f6rande.<\/p>\n<p>Det \u00e4r genom musik och delade erfarenheter som en djupare koppling skapas. Att f\u00e5 lyssna p\u00e5 hans musik har en positiv p\u00e5verkan p\u00e5 m\u00e5nga. Peters resa \u00e4r en p\u00e5minnelse om vikten av att st\u00e5 samman i sv\u00e5ra tider.<\/p>\n<h2><span class=\"ez-toc-section\" id=\"Tecken_pa_sjukdom_hos_Peter_Lemarc\"><\/span>Tecken p\u00e5 sjukdom hos Peter Lemarc<span class=\"ez-toc-section-end\"><\/span><\/h2>\n<h2><span class=\"ez-toc-section\" id=\"Peter_Lemarc_sjuk\"><\/span>Peter Lemarc sjuk<span class=\"ez-toc-section-end\"><\/span><\/h2>\n<h2><span class=\"ez-toc-section\" id=\"Bakgrund_till_Peter_Lemarcs_halsotillstand\"><\/span>Bakgrund till Peter Lemarcs h\u00e4lsotillst\u00e5nd<span class=\"ez-toc-section-end\"><\/span><\/h2>\n<h3><span class=\"ez-toc-section\" id=\"Musikerns_tidiga_liv_och_karriar\"><\/span>Musikerns tidiga liv och karri\u00e4r<span class=\"ez-toc-section-end\"><\/span><\/h3>\n<p>Peter Lemarc, en \u00e4lskad svensk artist, f\u00f6ddes 1966 i Malm\u00f6. Hans musikaliska karri\u00e4r tog fart p\u00e5 1980-talet med flera hitl\u00e5tar. Under \u00e5ren har Lemarc blivit k\u00e4nd f\u00f6r sina tankev\u00e4ckande texter och melodier. Hans framg\u00e5ngar har skapat en stor och h\u00e4ngiven fanbase.<\/p>\n<p>Med tiden har Lemarcs musik reflekterat hans personliga upplevelser och livets utmaningar. M\u00e5nga beundrare har f\u00f6ljt hans resa genom livet, b\u00e5de musikaliskt och privat. S\u00e4rskilt p\u00e5tagligt \u00e4r som m\u00e5nga f\u00f6ljt vad som har h\u00e4nt med hans h\u00e4lsa. <strong>Peter Lemarc sjuk<\/strong> har blivit en ofta diskuterad fr\u00e5ga bland fans.<\/p>\n<p>Den senaste tidens f\u00f6r\u00e4ndringar i hans h\u00e4lsotillst\u00e5nd har v\u00e4ckt oro bland fans och kollegor. Diskussioner kring hans v\u00e4lbefinnande har lett till en \u00f6kad medvetenhet om hans situation. M\u00e5nga st\u00e5r i solidaritet med Lemarc under denna sv\u00e5ra tid.<\/p>\n<p>Hans liv och karri\u00e4r har inspirerat m\u00e5nga, och det \u00e4r viktigt att f\u00f6rst\u00e5 de faktorer som p\u00e5verkar hans h\u00e4lsa. Med en \u00f6ppen dialog kan vi alla bidra till att \u00f6ka medvetenheten om problemen med psykisk och fysisk h\u00e4lsa inom musikbranschen.<\/p>\n<h3><span class=\"ez-toc-section\" id=\"Berattelser_fran_vanner_och_kollegor\"><\/span>Ber\u00e4ttelser fr\u00e5n v\u00e4nner och kollegor<span class=\"ez-toc-section-end\"><\/span><\/h3>\n<p>Kollegor inom musikindustrin har delat sina tankar kring <strong>Peter Lemarc sjuk<\/strong> och hans kamp. M\u00e5nga ber\u00e4ttar om den inspiration han har varit genom \u00e5ren. Dessa ber\u00e4ttelser ger en mer personlig inblick i hans liv och kamp mot sjukdomar.<\/p>\n<p>V\u00e4nner har ocks\u00e5 uttryckt sin oro och sitt st\u00f6d. De framh\u00e4ver vikten av att h\u00e5lla kontakten med Lemarc och erbjuda hj\u00e4lp n\u00e4r det beh\u00f6vs. St\u00f6d fr\u00e5n n\u00e4ra och k\u00e4ra \u00e4r avg\u00f6rande i sv\u00e5ra tider.<\/p>\n<p>Gemenskapen har reagerat starkt p\u00e5 nyheterna om hans h\u00e4lsotillst\u00e5nd. Fans har mobiliserat sig f\u00f6r att visa sitt st\u00f6d genom olika initiativ och kampanjer. Det \u00e4r tydligt att <strong>Peter Lemarc sjuk<\/strong> ber\u00f6r m\u00e5nga hj\u00e4rtan.<\/p>\n<p>Musik har alltid varit en del av Lemarcs liv, och st\u00f6det fr\u00e5n fans och kollegor hj\u00e4lper honom att forts\u00e4tta. M\u00e5nga tror att musiken kan fungera som en helande kraft under hans rehabilitering. <\/p>\n<h3><span class=\"ez-toc-section\" id=\"Halsoproblem_och_deras_paverkan\"><\/span>H\u00e4lsoproblem och deras p\u00e5verkan<span class=\"ez-toc-section-end\"><\/span><\/h3>\n<p>H\u00e4lsoproblem kan drastiskt p\u00e5verka en persons liv, s\u00e4rskilt f\u00f6r n\u00e5gon som Lemarc som livn\u00e4r sig p\u00e5 sin musik. Sjukdom kan hindra kreativiteten och produktionen av ny musik. F\u00f6r m\u00e5nga artister \u00e4r k\u00f6rningen av turn\u00e9er en stor del av deras liv, och sjukdom st\u00e4ller till med hinder.<\/p>\n<p>En viktig aspekt av <strong>Peter Lemarc sjuk<\/strong> har varit hur det har p\u00e5verkat hans l\u00e5tskrivande. N\u00e5gra av hans senaste verk har b\u00e4r p\u00e5 tonerna av hans utmaningar, vilket ger en r\u00e5 och autentisk k\u00e4nsla. Lyssnare kan relatera till dessa k\u00e4nslor i hans musik.<\/p>\n<p>Fysiska symptom har ocks\u00e5 p\u00e5verkat hans f\u00f6rm\u00e5ga att upptr\u00e4da live, n\u00e5got som \u00e4r en central del av hans karri\u00e4r. Fans har uttryckt sin l\u00e4ngtan efter att se honom p\u00e5 scenen igen, vilket understryker hans betydelse som artist.<\/p>\n<p>\u00d6kande medierapportering om hans tillst\u00e5nd visar p\u00e5 allm\u00e4nhetens intresse och omtanke. F\u00f6r Lemarc \u00e4r det viktigt att ha en dialog kring hans h\u00e4lsa f\u00f6r att minska stigma och \u00f6ka f\u00f6rst\u00e5elsen.<\/p>\n<h2><span class=\"ez-toc-section\" id=\"Publicitet_och_rapportering_kring_Lemarc\"><\/span>Publicitet och rapportering kring Lemarc<span class=\"ez-toc-section-end\"><\/span><\/h2>\n<h3><span class=\"ez-toc-section\" id=\"Media_och_sociala_medier\"><\/span>Media och sociala medier<span class=\"ez-toc-section-end\"><\/span><\/h3>\n<p>Rapporteringen kring <strong>Peter Lemarc sjuk<\/strong> har \u00f6kat p\u00e5 sociala medier. Nyheter, kommentarer och uppdateringar sprids snabbt, vilket skapar b\u00e5de st\u00f6d och oro. Det \u00e4r viktigt att granska k\u00e4llorna och s\u00e4kerst\u00e4lla att informationen \u00e4r valid.<\/p>\n<p>Fans och kollegor delar sina tankar online, vilket skapar en gemenskap av st\u00f6d. Sociala medieplattformar kan fungera som ett s\u00e4tt att sprida nyheter om hans h\u00e4lsa och engagera m\u00e4nniskor runtomkring. Att skapa positiv energi \u00e4r avg\u00f6rande.<\/p>\n<p>Media har ocks\u00e5 en roll i att forma bilden av hans h\u00e4lsotillst\u00e5nd. Vissa rapporter kan skapa f\u00f6rvr\u00e4ngd bild av verkligheten. Det \u00e4r viktigt att vara kritisk och att skilja mellan sensationell och faktabaserad rapportering.<\/p>\n<p>Genom att hantera hans situation med \u00f6ppenhet kan Lemarc forts\u00e4tta att vara en inspirerande figur f\u00f6r m\u00e5nga, oavsett hans utmaningar.<\/p>\n<h3><span class=\"ez-toc-section\" id=\"Stodinitiativ_och_samarbete\"><\/span>St\u00f6dinitiativ och samarbete<span class=\"ez-toc-section-end\"><\/span><\/h3>\n<p>F\u00f6r att hj\u00e4lpa <strong>Peter Lemarc sjuk<\/strong> finns det olika initiativ som syftar till att st\u00f6dja musikern. Insamlingar, konserter och evenemang h\u00e5lls f\u00f6r att hj\u00e4lpa till med hans medicinska kostnader och rehabilitering. Dessa aktiviteter har blivit popul\u00e4ra bland fans och musik\u00e4lskare.<\/p>\n<p>M\u00e5nga i musikbranschen har erbjudit sig att samarbeta med Lemarc i hans \u00e5terh\u00e4mtning. Denna typ av st\u00f6d \u00e4r oers\u00e4ttlig och visar styrkan i gemenskapen. Att st\u00f6tta varandra i sv\u00e5ra stunder \u00e4r avg\u00f6rande.<\/p>\n<p>F\u00f6rest\u00e4llningar utan vinstsyfte planeras f\u00f6r att samla medel och \u00f6ka medvetenhet. Detta visar att musik kan f\u00f6rena m\u00e4nniskor f\u00f6r en god sak. Att engagera sig aktivt i s\u00e5dana aktiviteter \u00e4r ett s\u00e4tt att ge tillbaka.<\/p>\n<p>Genom dessa initiativ kan fans och kollegor visa sin omtanke och k\u00e4rlek f\u00f6r Peter. Det handlar om att bygga en solidaritet som g\u00e5r bortom bara musik.<\/p>\n<h3><span class=\"ez-toc-section\" id=\"Framtiden_for_Peter_Lemarc\"><\/span>Framtiden f\u00f6r Peter Lemarc<span class=\"ez-toc-section-end\"><\/span><\/h3>\n<p>Framtiden f\u00f6r <strong>Peter Lemarc<\/strong> ser os\u00e4ker ut, men hans talang och h\u00e4ngivenhet till musiken f\u00f6rblir starka. M\u00e5nga hoppas att han s\u00e5 sm\u00e5ningom ska g\u00f6ra en \u00e5terkomst p\u00e5 scenen. Den kreativa energin som alltid har varit en del av hans musik kanske ocks\u00e5 kan leda till nya verk under rehabiliteringen.<\/p>\n<p>Med st\u00f6d av n\u00e4ra och k\u00e4ra, samt fans kan Lemarc f\u00e5 den kraft han beh\u00f6ver f\u00f6r att \u00e5terh\u00e4mta sig. En del av hans framtid ligger i att f\u00f6rena sina erfarenheter med musiken och inspirera andra som g\u00e5r igenom liknande utmaningar.<\/p>\n<p>Det \u00e4r tydligt att <strong>Peter Lemarc sjuk<\/strong> \u00e4r ett \u00e4mne som engagerar. Diskussionerna och skapar en gemenskap av st\u00f6d och omsorg \u00e4r avg\u00f6rande i denna resa. Tillsammans kan vi uppm\u00e4rksamma fr\u00e5gor kring h\u00e4lsa och v\u00e4lm\u00e5ende.<\/p>\n<p>Att f\u00f6lja hans v\u00e4g kommer att bli en viktig del av hans fans liv, och den musikaliska gemenskapen forts\u00e4tter att visa sin k\u00e4rlek och st\u00f6d i alla l\u00e4gen. <\/p>\n<h2><span class=\"ez-toc-section\" id=\"Kallor_och_ytterligare_lasning\"><\/span>K\u00e4llor och ytterligare l\u00e4sning<span class=\"ez-toc-section-end\"><\/span><\/h2>\n<p>F\u00f6r att f\u00e5 mer information om Peter Lemarc och hans arbete, bes\u00f6k g\u00e4rna hans officiella webbplats och h\u00e5ll dig uppdaterad. Du kan \u00e4ven l\u00e4sa mer om h\u00e4lsa och sjukdomar p\u00e5 <a href=\"https:\/\/www.who.int\/\" target=\"_blank\" rel=\"noopener\">V\u00e4rldsh\u00e4lsoorganisationens webbplats<\/a>.<\/p>\n<p>F\u00f6r ytterligare insikter och information om hur musik p\u00e5verkar h\u00e4lsa, se <a href=\"https:\/\/sv.wikipedia.org\/wiki\/Musikterapi\" target=\"_blank\" rel=\"noopener\">denna Wikipedia-sida om musikterapi<\/a>. H\u00e4r kan du f\u00e5 en djupare f\u00f6rst\u00e5else f\u00f6r \u00e4mnet.<\/p>\n<p>F\u00f6r att st\u00f6dja Peter Lemarc, h\u00e5ll utkik efter kommande evenemang och aktiviteter i hans namn. Tillsammans kan vi g\u00f6ra skillnad.<\/p>\n<h2><span class=\"ez-toc-section\" id=\"Peter_Lemarc_sjuk_%E2%80%93_En_djupgaende_analys\"><\/span>Peter Lemarc sjuk &#8211; En djupg\u00e5ende analys<span class=\"ez-toc-section-end\"><\/span><\/h2>\n<h2><span class=\"ez-toc-section\" id=\"Halsoproblem_och_stodatgarder\"><\/span>H\u00e4lsoproblem och st\u00f6d\u00e5tg\u00e4rder<span class=\"ez-toc-section-end\"><\/span><\/h2>\n<p>Peter Lemarc sjuk har varit ett \u00e4mne av stort intresse f\u00f6r m\u00e5nga. Under de senaste \u00e5ren har det framkommit att han har k\u00e4mpat med olika h\u00e4lsoproblem. En av de mest k\u00e4nda sjukdomarna han drabbats av \u00e4r <strong>autoimmun sjukdom<\/strong>. Denna kategori av sjukdomar p\u00e5verkar kroppens immunf\u00f6rsvar negativt.<\/p>\n<p>Det har rapporterats att Lemarc har f\u00e5tt st\u00f6d fr\u00e5n v\u00e4nner och kollegor under sin sjukdomstid. St\u00f6d\u00e5tg\u00e4rder \u00e4r viktiga f\u00f6r att uppr\u00e4tth\u00e5lla b\u00e5de mental och fysisk h\u00e4lsa. Genom att sprida medvetenhet om sin sjukdom, har han ocks\u00e5 skapat ett n\u00e4tverk av uppmuntran och solidaritet.<\/p>\n<p>Sociala medier har varit en plattform f\u00f6r artistens kommuniktion om sin h\u00e4lsa. Ofta delar han sina upplevelser och ger sina f\u00f6ljare en inblick i hans liv under tiden han \u00e4r <strong>sjuk<\/strong>. Det \u00e4r en kraftfull p\u00e5minnelse om att \u00e4ven celebriteter \u00e4r m\u00e4nskliga och kan drabbas av sjukdomar.<\/p>\n<p>Genom sin \u00f6ppenhet har Lemarc lyckats inspirera m\u00e5nga som g\u00e5tt eller g\u00e5r igenom liknande situationer. St\u00f6det fr\u00e5n fans och kollegor har haft stor betydelse f\u00f6r hans v\u00e4lbefinnande. Det \u00e4r avg\u00f6rande att lyfta fram vikten av gemenskap n\u00e4r man \u00e4r <strong>peter lemarc sjuk<\/strong>.<\/p>\n<h3><span class=\"ez-toc-section\" id=\"Psykologisk_paverkan_av_sjukdom\"><\/span>Psykologisk p\u00e5verkan av sjukdom<span class=\"ez-toc-section-end\"><\/span><\/h3>\n<p>En h\u00e4lsokamp kan ha en djupg\u00e5ende psykologisk p\u00e5verkan. Personer som Peter Lemarc sjuk befinner sig ofta i en k\u00e4nslom\u00e4ssig berg-och-dalbana. Det \u00e4r inte ovanligt att uppleva \u00e5ngest och depression som en del av sjukdomsprocessen.<\/p>\n<p><\/p>\n<div id='video-container' data-video-id='XwtpteuHNI0' style='width:100%; height:auto; max-width:587px; position: relative;'>\n<div class='image-video-plugin' style='background:url(\"https:\/\/img.youtube.com\/vi\/XwtpteuHNI0\/0.jpg\") center no-repeat; background-size: cover;'><\/div>\n<p>        <span class='youtube-play-button'><\/span><br \/>\n        <noscript><a href=\"https:\/\/www.youtube.com\/watch?v=XwtpteuHNI0\" target=\"_blank\" rel=\"noopener\">Play on YouTube<\/a><\/noscript>\n    <\/div>\n<p><\/p>\n<p>K\u00e4nslan av maktl\u00f6shet \u00e4r vanlig bland dem som drabbats av l\u00e5ngvariga sjukdomar. F\u00f6r Lemarc har det varit viktigt att uttrycka sina k\u00e4nslor genom musiken. Musik har visat sig vara en form av terapi f\u00f6r m\u00e5nga som lider av psykiska p\u00e5frestningar.<\/p>\n<p>Att samtala med professionella kan ocks\u00e5 hj\u00e4lpa individer i liknande situationer. Peters vilja att dela med sig av sin resa genom intervjuer och live-framtr\u00e4danden \u00e4r beundransv\u00e4rt och hj\u00e4lpsamt f\u00f6r m\u00e5nga.<\/p>\n<p>Han p\u00e5minner sina fans om att s\u00f6ka hj\u00e4lp n\u00e4r det k\u00e4nns som tuffast. Peppande ord fr\u00e5n idoler kan ibland vara precis vad som beh\u00f6vs f\u00f6r att st\u00e5 ut med en sv\u00e5r period.<\/p>\n<h3><span class=\"ez-toc-section\" id=\"Behandling_och_aterhamtning\"><\/span>Behandling och \u00e5terh\u00e4mtning<span class=\"ez-toc-section-end\"><\/span><\/h3>\n<p>Behandlingsalternativ f\u00f6r Peter Lemarc sjuk har varierat beroende p\u00e5 hans diagnoser. M\u00e5nga drabbade av <strong>autoimmuna sjukdomar<\/strong> kan beh\u00f6va provar olika mediciner innan r\u00e4tt behandling hittas. Denna process kan vara l\u00e5ng och frustrerande.<\/p>\n<p>Fysioterapi och rehabilitering \u00e4r viktiga delar av \u00e5terh\u00e4mtning. Peter har uttalat att han f\u00e5tt hj\u00e4lp av terapeuter som specialiserar sig p\u00e5 hans specifika behov. Det \u00e4r viktigt att skr\u00e4ddarsy behandlingen efter individens unika situation.<\/p>\n<p>Kemoterapi och mediciner kan ibland orsaka o\u00f6nskade biverkningar. Lemarc har delat med sig av sina erfarenheter kring hur man kan hantera dessa utmaningar. Att vara medveten om vad som kan h\u00e4nda \u00e4r avg\u00f6rande f\u00f6r den mentala h\u00e4lsan.<\/p>\n<p>Det rekommenderas ofta att kombinera medicinsk behandling med livsstilsf\u00f6r\u00e4ndringar. Peters engagemang f\u00f6r att leva h\u00e4lsosamt \u00e4r en inspirerande ber\u00e4ttelse om hur man kan sl\u00e5 tillbaka mot sjukdomar.<\/p>\n<h3><span class=\"ez-toc-section\" id=\"Allmanhetens_reaktioner\"><\/span>Allm\u00e4nhetens reaktioner<span class=\"ez-toc-section-end\"><\/span><\/h3>\n<p>Reaktionerna fr\u00e5n fans och medier har varit kraftfulla. M\u00e5nga uttrycker sin k\u00e4rlek och samh\u00f6righet med Lemarc, vilket \u00e4r tydligt i sociala plattformar. Diskussionerna online om <strong>Peter Lemarc sjuk<\/strong> har skapat en gemenskap av st\u00f6d.<\/p>\n<p>Den svenska musikscenen har visat sig vara stark i sin vilja att st\u00f6dja Lemarc. Konserter och v\u00e4lg\u00f6renhetsevenemang har arrangerats f\u00f6r att samla in pengar till forskning om <strong>autoimmuna sjukdomar<\/strong>. Detta visar p\u00e5 hur stor p\u00e5verkan en individ kan ha.<\/p>\n<p>Artisten har \u00e4ven tagit emot medial uppm\u00e4rksamhet f\u00f6r sina offentliga framtr\u00e4danden. Publikens respons p\u00e5 hans \u00f6ppna attityd kring sjukdomar har varit \u00f6verv\u00e4ldigande positiv.<\/p>\n<p>Att se en offentlig person som Lemarc dela sina sv\u00e5righeter hj\u00e4lper till att bryta tabun kring sjukdomar. Det minskar stigma och uppmuntrar fler att prata om sina egna upplevelser.<\/p>\n<h2><span class=\"ez-toc-section\" id=\"Framtiden_for_Peter_Lemarc-2\"><\/span>Framtiden f\u00f6r Peter Lemarc<span class=\"ez-toc-section-end\"><\/span><\/h2>\n<p>Framtiden f\u00f6r Peter Lemarc \u00e4r fortsatt os\u00e4ker men fylld av m\u00f6jligheter. Att k\u00e4mpa mot <strong>sjukdom<\/strong> kan forma en almaste av artistry och kreativitet. Den p\u00e5verkan hans erfarenheter har p\u00e5 musiken kan komma att inspirera m\u00e5nga.<\/p>\n<p>Peter har antytt om nya projekt och l\u00e5tar som bygger p\u00e5 hans livserfarenheter. Musik \u00e4r en kraftfull verktyg f\u00f6r l\u00e4kning och att dela historier \u00f6ppet. Det kommer att bli intressant att f\u00f6lja hans utveckling som artist.<\/p>\n<p>Att k\u00e4mpa med h\u00e4lsoproblem inneb\u00e4r ofta att man m\u00e5ste ompr\u00f6va sina m\u00e5l. Den flexibilitet och styrka han visat \u00e4r beundransv\u00e4rd, och fans ser med sp\u00e4nning fram emot vad som kommer h\u00e4rn\u00e4st.<\/p>\n<p>Sammanfattningsvis \u00e4r Peter Lemarc inte bara en artist, utan en symbol f\u00f6r styrka och beslutsamhet i motg\u00e5ngar. Hur han navigerar genom livet med <strong>sjukdom<\/strong> \u00e4r ett exempel b\u00e5de p\u00e5 personligt mod och kulturell relevans.<\/p>\n<h2><span class=\"ez-toc-section\" id=\"Halsovard_och_forskning\"><\/span>H\u00e4lsov\u00e5rd och forskning<span class=\"ez-toc-section-end\"><\/span><\/h2>\n<p>Det p\u00e5g\u00e5r alltid forskning kring <strong>autoimmuna sjukdomar<\/strong>. Ny kunskap och potential f\u00f6r nya behandlingar \u00e4r alltid en m\u00f6jlighet. Peter Lemarc sjuk har ocks\u00e5 v\u00e4ckt intresse att lyfta fram vikten av forskning p\u00e5 omr\u00e5det.<\/p>\n<p>Genom att dela sina upplevelser har han bidragit till en viktig dialog om patienters r\u00e4ttigheter och behov inom sjukv\u00e5rden. M\u00e5nga drabbade s\u00f6ker svar oavsett om de \u00e4r k\u00e4ndisar eller ej.<\/p>\n<p>B\u00e4ttre f\u00f6rst\u00e5else f\u00f6r sjukdomar \u00e4r avg\u00f6rande f\u00f6r att kunna ge r\u00e4tt v\u00e5rd. St\u00f6dja forskning inneb\u00e4r att fler m\u00e4nniskors liv kan f\u00f6rb\u00e4ttras p\u00e5 sikt. Peter har varit en del av denna viktiga diskussion.<\/p>\n<p>Hans historia kan t\u00e4nda en gnista hos andra att involvera sig i s\u00e5dana samh\u00e4llsfr\u00e5gor. Att engagera sig i forskning kan g\u00f6ra skillnad och leda till en b\u00e4ttre framtid f\u00f6r drabbade.<\/p>\n<h3><span class=\"ez-toc-section\" id=\"Policy-_och_systemforbattringar\"><\/span>Policy- och systemf\u00f6rb\u00e4ttringar<span class=\"ez-toc-section-end\"><\/span><\/h3>\n<p>En \u00f6kad medvetenhet om sjukdomar p\u00e5verkar ofta policybeslut. Diskussionen kring <strong>peter lemarc sjuk<\/strong> kan leda till f\u00f6r\u00e4ndringar inom sjukv\u00e5rden. M\u00e5nga drabbade vill se f\u00f6rb\u00e4ttrade v\u00e5rdsystem och tillg\u00e5ng till behandlingar.<\/p>\n<p>Det \u00e4r viktigt att samh\u00e4llet uppmuntrar forskning och utveckling inom h\u00e4lsoomr\u00e5det. Lemarcs erfarenheter kan fungera som katalysator f\u00f6r s\u00e5dana f\u00f6r\u00e4ndringar.<\/p>\n<p>Samarbeten mellan forskare, som kan skapa nya mediciner och behandlingar, \u00e4r avg\u00f6rande. Hans historia kan inspirera studenter och framtida forskare att s\u00f6ka l\u00f6sningar.<\/p>\n<p>Detta visar att kampen mot sjukdomar \u00e4r gemensam, oavsett om man \u00e4r en k\u00e4ndis eller ej. I slut\u00e4ndan ligger ansvaret p\u00e5 hela samh\u00e4llet att skapa b\u00e4ttre v\u00e5rdkvalitet.<\/p>\n<h3><span class=\"ez-toc-section\" id=\"Betydelsen_av_samhallsstod\"><\/span>Betydelsen av samh\u00e4llsst\u00f6d<span class=\"ez-toc-section-end\"><\/span><\/h3>\n<p>Det \u00e4r avg\u00f6rande att samh\u00e4llet st\u00f6ttar individer som lider av sjukdomar. Peter Lemarc sjuk har belyst vikten av gemenskap i kampen mot <strong>sjukdomar<\/strong>. M\u00e5nga individer k\u00e4mpar i tystnad och beh\u00f6ver st\u00f6d.<\/p>\n<p>Genom att sprida budskapet om solidaritet och medm\u00e4nsklighet blir det l\u00e4ttare f\u00f6r fler att f\u00e5 hj\u00e4lp. Artisten har alltid betonat att vi \u00e4r starkare tillsammans.<\/p>\n<p>V\u00e4rdet av st\u00f6dgrupper har \u00f6kat och fler m\u00e4nniskor ser f\u00f6rdelarna med att dela sina erfarenheter. Det kan minska k\u00e4nslor av ensamhet och isolering i pressade situationer.<\/p>\n<p>Att synligg\u00f6ra sv\u00e5ra \u00e4mnen skapar en plattform f\u00f6r diskussion. Peter Lemarc \u00e4r en inspirerande figur n\u00e4r det g\u00e4ller att uppm\u00e4rksamma dessa fr\u00e5gor.<\/p>\n<h3><span class=\"ez-toc-section\" id=\"Framjande_av_halsofragor\"><\/span>Fr\u00e4mjande av h\u00e4lsofr\u00e5gor<span class=\"ez-toc-section-end\"><\/span><\/h3>\n<p>\u00d6kad medvetenhet kring <strong>sjukdomar<\/strong> och behandlingar \u00e4r v\u00e4sentlig. Peter Lemarc sjuk bidrar till en bredare dialog d\u00e5 m\u00e4nniskor b\u00f6rjar f\u00f6rst\u00e5 och empatisera med drabbade. Delade ber\u00e4ttelser kan hj\u00e4lpa m\u00e5nga.<\/p>\n<p>Att prata \u00f6ppet om sin h\u00e4lsa kan bryta tabun och stigma. Det kan leda till att fler k\u00e4nner att de kan s\u00f6ka hj\u00e4lp och st\u00f6d. Lemarc \u00e4r ett tydligt exempel p\u00e5 detta.<\/p>\n<p>Flera initiativ har startats som fokuserar p\u00e5 h\u00e4lsofr\u00e4mjande \u00e5tg\u00e4rder. Samfundet visar att det finns en vilja att g\u00f6ra skillnad f\u00f6r dem som lever med sjukdom. Musik \u00e4r en central del i dessa evenemang.<\/p>\n<p>Peter forts\u00e4tter att vara en stark r\u00f6st f\u00f6r dem som inte har en plattform. Hans engagemang bidrar till att skapa en positiv f\u00f6r\u00e4ndring i samh\u00e4llet.<\/p>\n<p><a href=\"https:\/\/sv.wikipedia.org\/wiki\/Peter_Lemarc\" target=\"_blank\" rel=\"noopener\">Wikipedia om Peter Lemarc<\/a><br \/>\n<a href=\"https:\/\/www.lakartidningen.se\/\" target=\"_blank\" rel=\"noopener\">L\u00e4kartidningen<\/a><br \/>\n<a href=\"https:\/\/www.folkhalsomyndigheten.se\/\" target=\"_blank\" rel=\"noopener\">Folkh\u00e4lsomyndigheten<\/a><\/p>\n<h2><span class=\"ez-toc-section\" id=\"Foreningar_som_stottar_artister_i_behov\"><\/span>F\u00f6reningar som st\u00f6ttar artister i behov<span class=\"ez-toc-section-end\"><\/span><\/h2>\n<h2><span class=\"ez-toc-section\" id=\"Peter_Lemarc_sjuk_%E2%80%93_en_artist_i_svarigheter\"><\/span>Peter Lemarc sjuk \u2013 en artist i sv\u00e5righeter<span class=\"ez-toc-section-end\"><\/span><\/h2>\n<h2><span class=\"ez-toc-section\" id=\"Aktuell_information_om_Peter_Lemarc\"><\/span>Aktuell information om Peter Lemarc<span class=\"ez-toc-section-end\"><\/span><\/h2>\n<p>Fr\u00e5n och med 2023 har det rapporterats om att <strong>Peter Lemarc sjuk<\/strong> meddelat att han genomg\u00e5r behandling f\u00f6r en allvarlig sjukdom. Det har kommit fram att hans tillst\u00e5nd har p\u00e5verkat hans musikaliska aktiviteter och offentliga framtr\u00e4danden. Fans och kollegor uttrycker stor oro f\u00f6r hans h\u00e4lsa och v\u00e4lbefinnande.<\/p>\n<p>Under de senaste m\u00e5naderna har det funnits flera spekulationer kring hans tillst\u00e5nd. M\u00e5nga har engagerat sig i sociala medier f\u00f6r att visa sitt st\u00f6d och sin omtanke. <strong>Peter Lemarc sjuk<\/strong> har varit ett \u00e4mne som r\u00f6rt m\u00e5nga hj\u00e4rtan inom musikscenen.<\/p>\n<p>Det \u00e4r viktigt att h\u00e5lla sig uppdaterad om hans h\u00e4lsotillst\u00e5nd genom officiella kanaler, vilket ger en mer p\u00e5litlig bild av situationen. Det \u00e4r ocks\u00e5 v\u00e4rt att notera att vissa nyheter kan vara \u00f6verdrivna eller felaktiga. Bes\u00f6k g\u00e4rna k\u00e4llor som <a href=\"https:\/\/sv.wikipedia.org\/wiki\/Peter_Lemarc\" target=\"_blank\" rel=\"noopener\">Wikipedia<\/a> f\u00f6r mer information om hans karri\u00e4r.<\/p>\n<p>I tider av sv\u00e5righeter \u00e4r det viktigt att st\u00f6tta artisterna, och m\u00e5nga av hans fans har startat initiativ f\u00f6r att samla in pengar till v\u00e4lg\u00f6renhet till f\u00f6rm\u00e5n f\u00f6r <strong>Peter Lemarc sjuk<\/strong> och hans medicinska behov.<\/p>\n<h3><span class=\"ez-toc-section\" id=\"Uppdateringar_fran_lakare\"><\/span>Uppdateringar fr\u00e5n l\u00e4kare<span class=\"ez-toc-section-end\"><\/span><\/h3>\n<p>L\u00e4kare som f\u00f6ljt <strong>Peter Lemarc sjuk<\/strong> tillst\u00e5nd har offentliggjort att hans prognos \u00e4r stabil, men att l\u00e5ngvarig v\u00e5rd kommer att vara n\u00f6dv\u00e4ndig. Det \u00e4r avg\u00f6rande att framh\u00e4va vikten av att ha professionellt st\u00f6d i s\u00e5dana situationer.<\/p>\n<p>Regelbundna medicinska kontroller och behandlingar \u00e4r centrala f\u00f6r hans \u00e5terh\u00e4mtning. Hans l\u00e4kare m\u00e4rker en positiv respons p\u00e5 den p\u00e5b\u00f6rjade behandlingen.<\/p>\n<p>Genom l\u00e4karens v\u00e4gledning och flyttande av fokus p\u00e5 rehabilitering f\u00e5r <strong>Peter Lemarc sjuk<\/strong> en chans att \u00e5terf\u00e5 sin styrka. Det \u00e4r uppmuntrande f\u00f6r b\u00e5de honom och hans f\u00f6ljare att se f\u00f6rb\u00e4ttringar.<\/p>\n<h3><span class=\"ez-toc-section\" id=\"Fans_och_kollegors_stod\"><\/span>Fans och kollegors st\u00f6d<span class=\"ez-toc-section-end\"><\/span><\/h3>\n<p>Gemenskapen kring <strong>Peter Lemarc sjuk<\/strong> har st\u00e4rkts, och m\u00e5nga fans visar sitt st\u00f6d genom att dela sina tankar online. Detta skapar en k\u00e4nsla av samh\u00f6righet som \u00e4r ov\u00e4rderlig under sv\u00e5ra tider. Det \u00e4r ett tecken p\u00e5 hur mycket hans musik betyder f\u00f6r m\u00e4nniskor. <\/p>\n<p>Kollegor inom musikbranschen har ocks\u00e5 bidragit med sina r\u00f6ster, vilket hj\u00e4lper till att belysa hans \u00f6nskan om att forts\u00e4tta skapa musik trots utmaningarna. Detta st\u00f6d \u00e4r viktigt f\u00f6r hans psykologiska v\u00e4lbefinnande.<\/p>\n<p>Det \u00e4r klart att <strong>Peter Lemarc sjuk<\/strong> p\u00e5verkar m\u00e5nga och att hans p\u00e5verkan str\u00e4cker sig l\u00e5ngt utanf\u00f6r bara musiken. Engagemanget fr\u00e5n b\u00e5de fans och kollegor \u00e4r ett tecken p\u00e5 den respekt och k\u00e4rlek han \u00e5tnjuter.<\/p>\n<h3><span class=\"ez-toc-section\" id=\"Musikaliskt_arv_och_framtid\"><\/span>Musikaliskt arv och framtid<span class=\"ez-toc-section-end\"><\/span><\/h3>\n<p>Peter Lemarc har byggt ett betydande musikaliskt arv genom \u00e5ren. M\u00e5nga kan inte f\u00f6rest\u00e4lla sig svensk musikscen utan hans bidrag. \u00c4ven om <strong>Peter Lemarc sjuk<\/strong> har satt vissa hinder i v\u00e4gen, \u00e4r det viktigt att se p\u00e5 hans tidigare arbete som en del av hans best\u00e5ende arv.<\/p>\n<p>Fram\u00f6ver finns det hopp om att han kommer att \u00e5terv\u00e4nda till scenen och forts\u00e4tta skapa musik. Hans kreativa anda och passion f\u00f6r att uttrycka sig genom l\u00e5tar \u00e4r starkare \u00e4n n\u00e5gonsin.<\/p>\n<p>Med tanke p\u00e5 hans sjukdom har fans och kollegor uttryckt att de ser fram emot att st\u00f6dja honom i hans framtida projekt. Det \u00e4r genom detta st\u00f6d som hans musik kan forts\u00e4tta att leva vidare. F\u00f6r mer information om hans musikaliska bidrag, se g\u00e4rna <a href=\"https:\/\/sv.wikipedia.org\/wiki\/Peter_Lemarc\" target=\"_blank\" rel=\"noopener\">Wikipedia<\/a>.<\/p>\n<h2><span class=\"ez-toc-section\" id=\"Samhallsengagemang_och_valgorenhet\"><\/span>Samh\u00e4llsengagemang och v\u00e4lg\u00f6renhet<span class=\"ez-toc-section-end\"><\/span><\/h2>\n<p>Engagemanget i samh\u00e4llet \u00e4r ocks\u00e5 en stor del av <strong>Peter Lemarc sjuk<\/strong> historia. M\u00e5nga fans och v\u00e4nner har organiserat insamlingar f\u00f6r att st\u00f6dja honom. Detta visar p\u00e5 kraften i musik som enhet.<\/p>\n<p>Artister och producenter har \u00e4ven kopplat samman f\u00f6r att \u00f6ka medvetenheten om industrins utmaningar. Genom att st\u00f6dja varandra kan de l\u00e4ttare \u00f6vervinna motg\u00e5ngar.<\/p>\n<p>Det olika insamlingsinitiativ som har startats inkluderar konserter och digitala kampanjer. Dessa har f\u00f6rm\u00e5tt samla in pengar f\u00f6r att st\u00f6dja hans medicinska kostnader och forskning kring den sjukdom han k\u00e4mpar mot.<\/p>\n<p>H\u00e4r \u00e4r ett exempel p\u00e5 hur samh\u00e4llsengagemang kan g\u00f6ra skillnad: <a href=\"https:\/\/www.insamling.se\" target=\"_blank\" rel=\"noopener\">insamling.se<\/a> \u00e4r en plattform som erbjuder m\u00f6jligheter att st\u00f6dja personer i n\u00f6dsituationer.<\/p>\n<h3><span class=\"ez-toc-section\" id=\"Viktiga_handelser_som_paverkat_Peter_Lemarc\"><\/span>Viktiga h\u00e4ndelser som p\u00e5verkat Peter Lemarc<span class=\"ez-toc-section-end\"><\/span><\/h3>\n<p>Det har funnits flera viktiga h\u00e4ndelser i <strong>Peter Lemarc sjuk<\/strong> liv som har p\u00e5verkat honom djupt. Fr\u00e5n barndomen till nu har han upplevt stora utmaningar, vilket han ofta reflekterar \u00f6ver genom sin musik.<\/p>\n<p>Att skriva musik har visat sig vara en terapeutisk process f\u00f6r honom, s\u00e4rskilt under sv\u00e5ra perioder. Genom l\u00e5tar har han uttryckt sina k\u00e4nslor och erfarenheter, vilket skapat en koppling mellan honom och hans lyssnare.<\/p>\n<p>Det \u00e4r inspirerande att se hur han forts\u00e4tter att anv\u00e4nda sin musik f\u00f6r att f\u00f6ra fram viktiga budskap trots att han befinner sig i ett s\u00e5rbart tillst\u00e5nd.<\/p>\n<h3><span class=\"ez-toc-section\" id=\"Framtidsvisioner_for_Peter_Lemarc\"><\/span>Framtidsvisioner f\u00f6r Peter Lemarc<span class=\"ez-toc-section-end\"><\/span><\/h3>\n<p>Trots sv\u00e5righeterna som <strong>Peter Lemarc sjuk<\/strong> har medf\u00f6rt, s\u00e5 finns det hopp f\u00f6r framtiden. Han har uttryckt en \u00f6nskan att \u00e5terv\u00e4nda till musikscenen och forts\u00e4tta skapa ny musik. Hittills har hans fans och n\u00e4ra v\u00e4nner varit hans st\u00f6rsta st\u00f6d.<\/p>\n<p>Flera musiker har erbjudit sig att samarbeta med honom n\u00e4r han k\u00e4nner sig redo att \u00e5terv\u00e4nda. Det visar hur starkt musikgemenskapen st\u00e5r bakom varandra. Samtidigt har han \u00e4ven den interna motivationen att forts\u00e4tta.<\/p>\n<p>Det blir sp\u00e4nnande att f\u00f6lja utvecklingen kring hans h\u00e4lsa och musikaliska engagemang fram\u00f6ver. Fans \u00f6ver hela v\u00e4rlden ser fram emot att h\u00f6ra mer fr\u00e5n honom och hans fortsatt kreativitet.<\/p>\n<h2><span class=\"ez-toc-section\" id=\"Halsomyndigheters_insatser\"><\/span>H\u00e4lsomyndigheters insatser<span class=\"ez-toc-section-end\"><\/span><\/h2>\n<p>H\u00e4lsov\u00e5rden och medicinska team har spelat en avg\u00f6rande roll i <strong>Peter Lemarc sjuk<\/strong> \u00e5terh\u00e4mtning. Genom att ge honom den n\u00f6dv\u00e4ndiga v\u00e5rden och st\u00f6d, har han f\u00e5tt m\u00f6jlighet att fokusera p\u00e5 att \u00e5terh\u00e4mta sig.<\/p>\n<p>Dessa insatser visar p\u00e5 den viktiga roll som h\u00e4lso- och sjukv\u00e5rden har i livets olika aspekter, inklusive k\u00e4nda personers liv. Det \u00e4r v\u00e4rt att notera att effektiv medicinsk behandling \u00e4r av h\u00f6gsta prioritet.<\/p>\n<p>Genom att ha tillg\u00e5ng till den senaste medicinska tekniken kan sjukv\u00e5rden erbjuda b\u00e4sta m\u00f6jliga hj\u00e4lp. St\u00f6det fr\u00e5n h\u00e4lsosektorn \u00e4r ov\u00e4rderligt, s\u00e4rskilt i dessa sv\u00e5ra tider.<\/p>\n<p>F\u00f6lj g\u00e4rna de senaste rekommendationerna fr\u00e5n <a href=\"https:\/\/www.folkhalsomyndigheten.se\" target=\"_blank\" rel=\"noopener\">Folkh\u00e4lsomyndigheten<\/a> ang\u00e5ende allm\u00e4n h\u00e4lsa och f\u00f6rebyggande \u00e5tg\u00e4rder.<\/p>\n<h3><span class=\"ez-toc-section\" id=\"Okande_medvetenhet_om_mental_halsa\"><\/span>\u00d6kande medvetenhet om mental h\u00e4lsa<span class=\"ez-toc-section-end\"><\/span><\/h3>\n<p>Mental h\u00e4lsa har blivit en allt mer viktig aspekt inom diskussionen om <strong>Peter Lemarc sjuk<\/strong>. M\u00e5nga har blivit mer medvetna om hur sjukdomar inte bara p\u00e5verkar kroppen, utan \u00e4ven psyket.<\/p>\n<p>Genom att diskutera dessa \u00e4mnen \u00f6ppet bidrar b\u00e5de Peter och hans fans till att minska stigma kring psykiska problem. Det \u00e4r av stor vikt att dessa fr\u00e5gor tas p\u00e5 allvar.<\/p>\n<p>Denna \u00f6kning av medvetenhet ger \u00e4ven m\u00f6jlighet att s\u00f6ka hj\u00e4lp och st\u00f6d n\u00e4r det beh\u00f6vs. Att vara \u00e4rlig om sin situation och dela den med andra \u00e4r ett s\u00e4tt att skapa f\u00f6r\u00e4ndring.<\/p>\n<h3><span class=\"ez-toc-section\" id=\"Langsiktig_vard_och_stod\"><\/span>Langsiktig v\u00e5rd och st\u00f6d<span class=\"ez-toc-section-end\"><\/span><\/h3>\n<p>F\u00f6r att hantera <strong>Peter Lemarc sjuk<\/strong> tillst\u00e5nd p\u00e5 b\u00e4sta s\u00e4tt, \u00e4r l\u00e5ngsiktig v\u00e5rd avg\u00f6rande. Den h\u00e4lsov\u00e5rd som erbjuds beh\u00f6ver anpassas hela tiden beroende p\u00e5 hans behov.<\/p>\n<p>Familj och v\u00e4nner spelar en viktig roll genom att ge emotionellt st\u00f6d och uppmuntran. Detta \u00e4r en central del av hans \u00e5terh\u00e4mtning, och det \u00e4r viktigt att de finns d\u00e4r f\u00f6r honom.<\/p>\n<p>Det \u00e4r ocks\u00e5 bra att ha professionella st\u00f6dresurser tillg\u00e4ngliga, som terapeuter och r\u00e5dgivare. Dessa kan ge v\u00e4gledning och verktyg som beh\u00f6vs f\u00f6r att hantera sv\u00e5ra k\u00e4nslor.<\/p>\n<div id=\"ez-toc-container\" class=\"ez-toc-v2_0_87 ez-toc-wrap-center counter-hierarchy ez-toc-counter ez-toc-grey ez-toc-container-direction\">\n<div class=\"ez-toc-title-container\">\n<p class=\"ez-toc-title\" style=\"cursor:inherit\">Table of Contents<\/p>\n<span class=\"ez-toc-title-toggle\"><a href=\"#\" class=\"ez-toc-pull-right ez-toc-btn ez-toc-btn-xs ez-toc-btn-default ez-toc-toggle\" aria-label=\"Alternar tabla de contenidos\"><span class=\"ez-toc-js-icon-con\"><span class=\"\"><span class=\"eztoc-hide\" style=\"display:none;\">Toggle<\/span><span class=\"ez-toc-icon-toggle-span\"><svg style=\"fill: #999;color:#999\" xmlns=\"http:\/\/www.w3.org\/2000\/svg\" class=\"list-377408\" width=\"20px\" height=\"20px\" viewBox=\"0 0 24 24\" fill=\"none\"><path d=\"M6 6H4v2h2V6zm14 0H8v2h12V6zM4 11h2v2H4v-2zm16 0H8v2h12v-2zM4 16h2v2H4v-2zm16 0H8v2h12v-2z\" fill=\"currentColor\"><\/path><\/svg><svg style=\"fill: #999;color:#999\" class=\"arrow-unsorted-368013\" xmlns=\"http:\/\/www.w3.org\/2000\/svg\" width=\"10px\" height=\"10px\" viewBox=\"0 0 24 24\" version=\"1.2\" baseProfile=\"tiny\"><path d=\"M18.2 9.3l-6.2-6.3-6.2 6.3c-.2.2-.3.4-.3.7s.1.5.3.7c.2.2.4.3.7.3h11c.3 0 .5-.1.7-.3.2-.2.3-.5.3-.7s-.1-.5-.3-.7zM5.8 14.7l6.2 6.3 6.2-6.3c.2-.2.3-.5.3-.7s-.1-.5-.3-.7c-.2-.2-.4-.3-.7-.3h-11c-.3 0-.5.1-.7.3-.2.2-.3.5-.3.7s.1.5.3.7z\"\/><\/svg><\/span><\/span><\/span><\/a><\/span><\/div>\n<nav><ul class='ez-toc-list ez-toc-list-level-1 eztoc-toggle-hide-by-default' ><li class='ez-toc-page-1 ez-toc-heading-level-2'><a class=\"ez-toc-link ez-toc-heading-1\" href=\"https:\/\/ganardineroporinternet.me\/sw\/peter-lemarc-sjuk\/#Peter_Lemarc_sjuk_%E2%80%93_en_djupdykning_i_hans_halsa\" >Peter Lemarc sjuk &#8211; en djupdykning i hans h\u00e4lsa<\/a><\/li><li class='ez-toc-page-1 ez-toc-heading-level-2'><a class=\"ez-toc-link ez-toc-heading-2\" href=\"https:\/\/ganardineroporinternet.me\/sw\/peter-lemarc-sjuk\/#Halsoproblem_och_sjukdomshistoria\" >H\u00e4lsoproblem och sjukdomshistoria<\/a><ul class='ez-toc-list-level-3' ><li class='ez-toc-heading-level-3'><a class=\"ez-toc-link ez-toc-heading-3\" href=\"https:\/\/ganardineroporinternet.me\/sw\/peter-lemarc-sjuk\/#Forsta_tecken_pa_sjukdom\" >F\u00f6rsta tecken p\u00e5 sjukdom<\/a><\/li><li class='ez-toc-page-1 ez-toc-heading-level-3'><a class=\"ez-toc-link ez-toc-heading-4\" href=\"https:\/\/ganardineroporinternet.me\/sw\/peter-lemarc-sjuk\/#Behandlingar_och_medicinska_insatser\" >Behandlingar och medicinska insatser<\/a><\/li><li class='ez-toc-page-1 ez-toc-heading-level-3'><a class=\"ez-toc-link ez-toc-heading-5\" href=\"https:\/\/ganardineroporinternet.me\/sw\/peter-lemarc-sjuk\/#Stodet_from_fans_och_kollegor\" >St\u00f6det from fans och kollegor<\/a><\/li><\/ul><\/li><li class='ez-toc-page-1 ez-toc-heading-level-2'><a class=\"ez-toc-link ez-toc-heading-6\" href=\"https:\/\/ganardineroporinternet.me\/sw\/peter-lemarc-sjuk\/#Peter_Lemarcs_musikaliska_karriar_paverkas\" >Peter Lemarcs musikaliska karri\u00e4r p\u00e5verkas<\/a><ul class='ez-toc-list-level-3' ><li class='ez-toc-heading-level-3'><a class=\"ez-toc-link ez-toc-heading-7\" href=\"https:\/\/ganardineroporinternet.me\/sw\/peter-lemarc-sjuk\/#Konserter_och_offentliga_framtradanden\" >Konserter och offentliga framtr\u00e4danden<\/a><\/li><li class='ez-toc-page-1 ez-toc-heading-level-3'><a class=\"ez-toc-link ez-toc-heading-8\" href=\"https:\/\/ganardineroporinternet.me\/sw\/peter-lemarc-sjuk\/#Framtid_och_kommande_projekt\" >Framtid och kommande projekt<\/a><\/li><\/ul><\/li><li class='ez-toc-page-1 ez-toc-heading-level-2'><a class=\"ez-toc-link ez-toc-heading-9\" href=\"https:\/\/ganardineroporinternet.me\/sw\/peter-lemarc-sjuk\/#Medias_roll_i_Peters_berattelse\" >Medias roll i Peters ber\u00e4ttelse<\/a><ul class='ez-toc-list-level-3' ><li class='ez-toc-heading-level-3'><a class=\"ez-toc-link ez-toc-heading-10\" href=\"https:\/\/ganardineroporinternet.me\/sw\/peter-lemarc-sjuk\/#Sociala_medier_och_interaktion_med_fans\" >Sociala medier och interaktion med fans<\/a><\/li><li class='ez-toc-page-1 ez-toc-heading-level-3'><a class=\"ez-toc-link ez-toc-heading-11\" href=\"https:\/\/ganardineroporinternet.me\/sw\/peter-lemarc-sjuk\/#Rapportering_i_pressen\" >Rapportering i pressen<\/a><\/li><\/ul><\/li><li class='ez-toc-page-1 ez-toc-heading-level-2'><a class=\"ez-toc-link ez-toc-heading-12\" href=\"https:\/\/ganardineroporinternet.me\/sw\/peter-lemarc-sjuk\/#Sammanfattning_av_Peter_Lemarcs_situation\" >Sammanfattning av Peter Lemarcs situation<\/a><ul class='ez-toc-list-level-3' ><li class='ez-toc-heading-level-3'><a class=\"ez-toc-link ez-toc-heading-13\" href=\"https:\/\/ganardineroporinternet.me\/sw\/peter-lemarc-sjuk\/#Relationen_till_sin_publik\" >Relationen till sin publik<\/a><\/li><\/ul><\/li><li class='ez-toc-page-1 ez-toc-heading-level-2'><a class=\"ez-toc-link ez-toc-heading-14\" href=\"https:\/\/ganardineroporinternet.me\/sw\/peter-lemarc-sjuk\/#Tecken_pa_sjukdom_hos_Peter_Lemarc\" >Tecken p\u00e5 sjukdom hos Peter Lemarc<\/a><\/li><li class='ez-toc-page-1 ez-toc-heading-level-2'><a class=\"ez-toc-link ez-toc-heading-15\" href=\"https:\/\/ganardineroporinternet.me\/sw\/peter-lemarc-sjuk\/#Peter_Lemarc_sjuk\" >Peter Lemarc sjuk<\/a><\/li><li class='ez-toc-page-1 ez-toc-heading-level-2'><a class=\"ez-toc-link ez-toc-heading-16\" href=\"https:\/\/ganardineroporinternet.me\/sw\/peter-lemarc-sjuk\/#Bakgrund_till_Peter_Lemarcs_halsotillstand\" >Bakgrund till Peter Lemarcs h\u00e4lsotillst\u00e5nd<\/a><ul class='ez-toc-list-level-3' ><li class='ez-toc-heading-level-3'><a class=\"ez-toc-link ez-toc-heading-17\" href=\"https:\/\/ganardineroporinternet.me\/sw\/peter-lemarc-sjuk\/#Musikerns_tidiga_liv_och_karriar\" >Musikerns tidiga liv och karri\u00e4r<\/a><\/li><li class='ez-toc-page-1 ez-toc-heading-level-3'><a class=\"ez-toc-link ez-toc-heading-18\" href=\"https:\/\/ganardineroporinternet.me\/sw\/peter-lemarc-sjuk\/#Berattelser_fran_vanner_och_kollegor\" >Ber\u00e4ttelser fr\u00e5n v\u00e4nner och kollegor<\/a><\/li><li class='ez-toc-page-1 ez-toc-heading-level-3'><a class=\"ez-toc-link ez-toc-heading-19\" href=\"https:\/\/ganardineroporinternet.me\/sw\/peter-lemarc-sjuk\/#Halsoproblem_och_deras_paverkan\" >H\u00e4lsoproblem och deras p\u00e5verkan<\/a><\/li><\/ul><\/li><li class='ez-toc-page-1 ez-toc-heading-level-2'><a class=\"ez-toc-link ez-toc-heading-20\" href=\"https:\/\/ganardineroporinternet.me\/sw\/peter-lemarc-sjuk\/#Publicitet_och_rapportering_kring_Lemarc\" >Publicitet och rapportering kring Lemarc<\/a><ul class='ez-toc-list-level-3' ><li class='ez-toc-heading-level-3'><a class=\"ez-toc-link ez-toc-heading-21\" href=\"https:\/\/ganardineroporinternet.me\/sw\/peter-lemarc-sjuk\/#Media_och_sociala_medier\" >Media och sociala medier<\/a><\/li><li class='ez-toc-page-1 ez-toc-heading-level-3'><a class=\"ez-toc-link ez-toc-heading-22\" href=\"https:\/\/ganardineroporinternet.me\/sw\/peter-lemarc-sjuk\/#Stodinitiativ_och_samarbete\" >St\u00f6dinitiativ och samarbete<\/a><\/li><li class='ez-toc-page-1 ez-toc-heading-level-3'><a class=\"ez-toc-link ez-toc-heading-23\" href=\"https:\/\/ganardineroporinternet.me\/sw\/peter-lemarc-sjuk\/#Framtiden_for_Peter_Lemarc\" >Framtiden f\u00f6r Peter Lemarc<\/a><\/li><\/ul><\/li><li class='ez-toc-page-1 ez-toc-heading-level-2'><a class=\"ez-toc-link ez-toc-heading-24\" href=\"https:\/\/ganardineroporinternet.me\/sw\/peter-lemarc-sjuk\/#Kallor_och_ytterligare_lasning\" >K\u00e4llor och ytterligare l\u00e4sning<\/a><\/li><li class='ez-toc-page-1 ez-toc-heading-level-2'><a class=\"ez-toc-link ez-toc-heading-25\" href=\"https:\/\/ganardineroporinternet.me\/sw\/peter-lemarc-sjuk\/#Peter_Lemarc_sjuk_%E2%80%93_En_djupgaende_analys\" >Peter Lemarc sjuk &#8211; En djupg\u00e5ende analys<\/a><\/li><li class='ez-toc-page-1 ez-toc-heading-level-2'><a class=\"ez-toc-link ez-toc-heading-26\" href=\"https:\/\/ganardineroporinternet.me\/sw\/peter-lemarc-sjuk\/#Halsoproblem_och_stodatgarder\" >H\u00e4lsoproblem och st\u00f6d\u00e5tg\u00e4rder<\/a><ul class='ez-toc-list-level-3' ><li class='ez-toc-heading-level-3'><a class=\"ez-toc-link ez-toc-heading-27\" href=\"https:\/\/ganardineroporinternet.me\/sw\/peter-lemarc-sjuk\/#Psykologisk_paverkan_av_sjukdom\" >Psykologisk p\u00e5verkan av sjukdom<\/a><\/li><li class='ez-toc-page-1 ez-toc-heading-level-3'><a class=\"ez-toc-link ez-toc-heading-28\" href=\"https:\/\/ganardineroporinternet.me\/sw\/peter-lemarc-sjuk\/#Behandling_och_aterhamtning\" >Behandling och \u00e5terh\u00e4mtning<\/a><\/li><li class='ez-toc-page-1 ez-toc-heading-level-3'><a class=\"ez-toc-link ez-toc-heading-29\" href=\"https:\/\/ganardineroporinternet.me\/sw\/peter-lemarc-sjuk\/#Allmanhetens_reaktioner\" >Allm\u00e4nhetens reaktioner<\/a><\/li><\/ul><\/li><li class='ez-toc-page-1 ez-toc-heading-level-2'><a class=\"ez-toc-link ez-toc-heading-30\" href=\"https:\/\/ganardineroporinternet.me\/sw\/peter-lemarc-sjuk\/#Framtiden_for_Peter_Lemarc-2\" >Framtiden f\u00f6r Peter Lemarc<\/a><\/li><li class='ez-toc-page-1 ez-toc-heading-level-2'><a class=\"ez-toc-link ez-toc-heading-31\" href=\"https:\/\/ganardineroporinternet.me\/sw\/peter-lemarc-sjuk\/#Halsovard_och_forskning\" >H\u00e4lsov\u00e5rd och forskning<\/a><ul class='ez-toc-list-level-3' ><li class='ez-toc-heading-level-3'><a class=\"ez-toc-link ez-toc-heading-32\" href=\"https:\/\/ganardineroporinternet.me\/sw\/peter-lemarc-sjuk\/#Policy-_och_systemforbattringar\" >Policy- och systemf\u00f6rb\u00e4ttringar<\/a><\/li><li class='ez-toc-page-1 ez-toc-heading-level-3'><a class=\"ez-toc-link ez-toc-heading-33\" href=\"https:\/\/ganardineroporinternet.me\/sw\/peter-lemarc-sjuk\/#Betydelsen_av_samhallsstod\" >Betydelsen av samh\u00e4llsst\u00f6d<\/a><\/li><li class='ez-toc-page-1 ez-toc-heading-level-3'><a class=\"ez-toc-link ez-toc-heading-34\" href=\"https:\/\/ganardineroporinternet.me\/sw\/peter-lemarc-sjuk\/#Framjande_av_halsofragor\" >Fr\u00e4mjande av h\u00e4lsofr\u00e5gor<\/a><\/li><\/ul><\/li><li class='ez-toc-page-1 ez-toc-heading-level-2'><a class=\"ez-toc-link ez-toc-heading-35\" href=\"https:\/\/ganardineroporinternet.me\/sw\/peter-lemarc-sjuk\/#Foreningar_som_stottar_artister_i_behov\" >F\u00f6reningar som st\u00f6ttar artister i behov<\/a><\/li><li class='ez-toc-page-1 ez-toc-heading-level-2'><a class=\"ez-toc-link ez-toc-heading-36\" href=\"https:\/\/ganardineroporinternet.me\/sw\/peter-lemarc-sjuk\/#Peter_Lemarc_sjuk_%E2%80%93_en_artist_i_svarigheter\" >Peter Lemarc sjuk \u2013 en artist i sv\u00e5righeter<\/a><\/li><li class='ez-toc-page-1 ez-toc-heading-level-2'><a class=\"ez-toc-link ez-toc-heading-37\" href=\"https:\/\/ganardineroporinternet.me\/sw\/peter-lemarc-sjuk\/#Aktuell_information_om_Peter_Lemarc\" >Aktuell information om Peter Lemarc<\/a><ul class='ez-toc-list-level-3' ><li class='ez-toc-heading-level-3'><a class=\"ez-toc-link ez-toc-heading-38\" href=\"https:\/\/ganardineroporinternet.me\/sw\/peter-lemarc-sjuk\/#Uppdateringar_fran_lakare\" >Uppdateringar fr\u00e5n l\u00e4kare<\/a><\/li><li class='ez-toc-page-1 ez-toc-heading-level-3'><a class=\"ez-toc-link ez-toc-heading-39\" href=\"https:\/\/ganardineroporinternet.me\/sw\/peter-lemarc-sjuk\/#Fans_och_kollegors_stod\" >Fans och kollegors st\u00f6d<\/a><\/li><li class='ez-toc-page-1 ez-toc-heading-level-3'><a class=\"ez-toc-link ez-toc-heading-40\" href=\"https:\/\/ganardineroporinternet.me\/sw\/peter-lemarc-sjuk\/#Musikaliskt_arv_och_framtid\" >Musikaliskt arv och framtid<\/a><\/li><\/ul><\/li><li class='ez-toc-page-1 ez-toc-heading-level-2'><a class=\"ez-toc-link ez-toc-heading-41\" href=\"https:\/\/ganardineroporinternet.me\/sw\/peter-lemarc-sjuk\/#Samhallsengagemang_och_valgorenhet\" >Samh\u00e4llsengagemang och v\u00e4lg\u00f6renhet<\/a><ul class='ez-toc-list-level-3' ><li class='ez-toc-heading-level-3'><a class=\"ez-toc-link ez-toc-heading-42\" href=\"https:\/\/ganardineroporinternet.me\/sw\/peter-lemarc-sjuk\/#Viktiga_handelser_som_paverkat_Peter_Lemarc\" >Viktiga h\u00e4ndelser som p\u00e5verkat Peter Lemarc<\/a><\/li><li class='ez-toc-page-1 ez-toc-heading-level-3'><a class=\"ez-toc-link ez-toc-heading-43\" href=\"https:\/\/ganardineroporinternet.me\/sw\/peter-lemarc-sjuk\/#Framtidsvisioner_for_Peter_Lemarc\" >Framtidsvisioner f\u00f6r Peter Lemarc<\/a><\/li><\/ul><\/li><li class='ez-toc-page-1 ez-toc-heading-level-2'><a class=\"ez-toc-link ez-toc-heading-44\" href=\"https:\/\/ganardineroporinternet.me\/sw\/peter-lemarc-sjuk\/#Halsomyndigheters_insatser\" >H\u00e4lsomyndigheters insatser<\/a><ul class='ez-toc-list-level-3' ><li class='ez-toc-heading-level-3'><a class=\"ez-toc-link ez-toc-heading-45\" href=\"https:\/\/ganardineroporinternet.me\/sw\/peter-lemarc-sjuk\/#Okande_medvetenhet_om_mental_halsa\" >\u00d6kande medvetenhet om mental h\u00e4lsa<\/a><\/li><li class='ez-toc-page-1 ez-toc-heading-level-3'><a class=\"ez-toc-link ez-toc-heading-46\" href=\"https:\/\/ganardineroporinternet.me\/sw\/peter-lemarc-sjuk\/#Langsiktig_vard_och_stod\" >Langsiktig v\u00e5rd och st\u00f6d<\/a><\/li><\/ul><\/li><\/ul><\/nav><\/div>\n","protected":false},"excerpt":{"rendered":"<p>Peter Lemarc sjuk &#8211; en djupdykning i hans h\u00e4lsa H\u00e4lsoproblem och sjukdomshistoria Peter Lemarc har under \u00e5ren varit \u00f6ppen med sina h\u00e4lsoproblem. Han har lidit av olika sjukdomar, vilket har p\u00e5verkat hans musikaliska karri\u00e4r. Det har skapat oro bland fansen ang\u00e5ende hans framtid som artist. M\u00e5nga har f\u00f6ljt hans resa genom sv\u00e5righeter och utmaningar. Den &hellip;<\/p>\n","protected":false},"author":1,"featured_media":372,"comment_status":"closed","ping_status":"closed","sticky":false,"template":"","format":"standard","meta":{"footnotes":""},"categories":[3],"tags":[],"class_list":["post-371","post","type-post","status-publish","format-standard","has-post-thumbnail","hentry","category-halsa"],"_links":{"self":[{"href":"https:\/\/ganardineroporinternet.me\/sw\/wp-json\/wp\/v2\/posts\/371","targetHints":{"allow":["GET"]}}],"collection":[{"href":"https:\/\/ganardineroporinternet.me\/sw\/wp-json\/wp\/v2\/posts"}],"about":[{"href":"https:\/\/ganardineroporinternet.me\/sw\/wp-json\/wp\/v2\/types\/post"}],"author":[{"embeddable":true,"href":"https:\/\/ganardineroporinternet.me\/sw\/wp-json\/wp\/v2\/users\/1"}],"replies":[{"embeddable":true,"href":"https:\/\/ganardineroporinternet.me\/sw\/wp-json\/wp\/v2\/comments?post=371"}],"version-history":[{"count":0,"href":"https:\/\/ganardineroporinternet.me\/sw\/wp-json\/wp\/v2\/posts\/371\/revisions"}],"wp:featuredmedia":[{"embeddable":true,"href":"https:\/\/ganardineroporinternet.me\/sw\/wp-json\/wp\/v2\/media\/372"}],"wp:attachment":[{"href":"https:\/\/ganardineroporinternet.me\/sw\/wp-json\/wp\/v2\/media?parent=371"}],"wp:term":[{"taxonomy":"category","embeddable":true,"href":"https:\/\/ganardineroporinternet.me\/sw\/wp-json\/wp\/v2\/categories?post=371"},{"taxonomy":"post_tag","embeddable":true,"href":"https:\/\/ganardineroporinternet.me\/sw\/wp-json\/wp\/v2\/tags?post=371"}],"curies":[{"name":"wp","href":"https:\/\/api.w.org\/{rel}","templated":true}]}}